{"id":131622,"date":"2026-01-10T15:49:11","date_gmt":"2026-01-10T15:49:11","guid":{"rendered":"https:\/\/www.europesays.com\/se\/131622\/"},"modified":"2026-01-10T15:49:11","modified_gmt":"2026-01-10T15:49:11","slug":"godzilla-atererovrar-biodukarna-i-host-med-ny-storslagen-film","status":"publish","type":"post","link":"https:\/\/www.europesays.com\/se\/131622\/","title":{"rendered":"Godzilla \u00e5terer\u00f6vrar biodukarna i h\u00f6st med ny storslagen film"},"content":{"rendered":"<p>De b\u00e4sta Godzilla-filmerna har alltid kommit fr\u00e5n Japan. Den senaste var 2023 \u00e5rs <a href=\"https:\/\/www.moviezine.se\/movies\/godzilla-minus-one\" rel=\"nofollow noopener\" target=\"_blank\">\u201dGodzilla Minus One\u201d<\/a> som tog v\u00e4rlden med storm. Den tj\u00e4nade in 116 miljoner dollar och lyckades till och med kamma hem en Oscar f\u00f6r b\u00e4sta specialeffekter.<\/p>\n<p>D\u00e4rf\u00f6r \u00e4r det ett gl\u00e4djebesked att en uppf\u00f6ljare er\u00f6vrar biodukarna redan under 2026. <strong>\u201dGodzilla Minus Zero\u201d<\/strong> f\u00e5r japansk biopremi\u00e4r den <strong>3 november<\/strong> och intar amerikanska biodukar tre dagar senare. Med stor sannolikhet betyder det att den dyker upp i Sverige i samma veva.<\/p>\n<p>Premi\u00e4rdatumet den 3 november \u00e4r inte utan betydelse. Det \u00e4r dagen d\u00e5 1954 \u00e5rs <a href=\"https:\/\/www.moviezine.se\/movies\/godzilla-monstret-fran-havet\" rel=\"nofollow noopener\" target=\"_blank\">\u201dGodzilla\u201d<\/a> hade japansk biopremi\u00e4r, och introducerade det j\u00e4ttelika monstret till v\u00e4rlden. \u00c4ven \u201dGodzilla Minus One\u201d hade premi\u00e4r samma datum.<\/p>\n<p>F\u00f6rra filmens manusf\u00f6rfattare, regiss\u00f6r och specialeffektsdesigner <strong>Takashi Yamazaki<\/strong> \u00e5terv\u00e4nder till uppf\u00f6ljaren. \u00c4nnu vet vi inte vad \u201dGodzilla Minus Zero\u201d kommer handla om, eller vilka sk\u00e5despelare som dyker upp.<\/p>\n<p>Klart \u00e4r att vi pl\u00f6tsligt har en anledning att l\u00e4ngta till november. Den som av n\u00e5gon m\u00e4rklig anledning f\u00f6redrar den amerikanska Godzilla f\u00e5r ist\u00e4llet l\u00e4ngta till mars 2027, n\u00e4r <a href=\"https:\/\/www.moviezine.se\/nyheter\/nasta-godzilla-x-kong-far-annu-dummare-titel-premiar-i-mars-2027\" rel=\"nofollow noopener\" target=\"_blank\">\u201dGodzilla x Kong: Supernova\u201d<\/a> landar p\u00e5 biodukarna.<\/p>\n<p>L\u00e4s ocks\u00e5: <a href=\"https:\/\/www.moviezine.se\/nyheter\/dyrt-att-spoila-godzilla-filmskribent-straffas-med-31-500-kronor-i-boter\" title=\"Dyrt att spoila \u201dGodzilla\u201d \u2013 filmskribent straffas med 31 500 kronor i b\u00f6ter\" class=\"underline-custom !font-montserrat !font-bold !underline-offset-4 !decoration-4 !decoration-moviezine-green !text-md\" rel=\"nofollow noopener\" target=\"_blank\">Dyrt att spoila \u201dGodzilla\u201d \u2013 filmskribent straffas med 31 500 kronor i b\u00f6ter<\/a><\/p>\n<p>L\u00e4s ocks\u00e5: <a href=\"https:\/\/www.moviezine.se\/nyheter\/uppfoljaren-till-godzilla-minus-one-far-hogre-budget\" title=\"Uppf\u00f6ljaren till \u201dGodzilla Minus One\u201d f\u00e5r h\u00f6gre budget\" class=\"underline-custom !font-montserrat !font-bold !underline-offset-4 !decoration-4 !decoration-moviezine-green !text-md\" rel=\"nofollow noopener\" target=\"_blank\">Uppf\u00f6ljaren till \u201dGodzilla Minus One\u201d f\u00e5r h\u00f6gre budget<\/a><\/p>\n","protected":false},"excerpt":{"rendered":"De b\u00e4sta Godzilla-filmerna har alltid kommit fr\u00e5n Japan. Den senaste var 2023 \u00e5rs \u201dGodzilla Minus One\u201d som tog&hellip;\n","protected":false},"author":2,"featured_media":131623,"comment_status":"","ping_status":"","sticky":false,"template":"","format":"standard","meta":{"footnotes":""},"categories":[66],"tags":[2278,80,78,79,34,31,33,32,30,81,84,83,82],"class_list":{"0":"post-131622","1":"post","2":"type-post","3":"status-publish","4":"format-standard","5":"has-post-thumbnail","7":"category-vetenskap-och-teknik","8":"tag-kommande-filmer","9":"tag-science","10":"tag-science-and-technology","11":"tag-scienceandtechnology","12":"tag-se","13":"tag-svenska","14":"tag-sverige","15":"tag-sweden","16":"tag-swedish","17":"tag-technology","18":"tag-teknik","19":"tag-vetenskap","20":"tag-vetenskapteknik"},"share_on_mastodon":{"url":"https:\/\/pubeurope.com\/@se\/115871597425032223","error":""},"_links":{"self":[{"href":"https:\/\/www.europesays.com\/se\/wp-json\/wp\/v2\/posts\/131622","targetHints":{"allow":["GET"]}}],"collection":[{"href":"https:\/\/www.europesays.com\/se\/wp-json\/wp\/v2\/posts"}],"about":[{"href":"https:\/\/www.europesays.com\/se\/wp-json\/wp\/v2\/types\/post"}],"author":[{"embeddable":true,"href":"https:\/\/www.europesays.com\/se\/wp-json\/wp\/v2\/users\/2"}],"replies":[{"embeddable":true,"href":"https:\/\/www.europesays.com\/se\/wp-json\/wp\/v2\/comments?post=131622"}],"version-history":[{"count":0,"href":"https:\/\/www.europesays.com\/se\/wp-json\/wp\/v2\/posts\/131622\/revisions"}],"wp:featuredmedia":[{"embeddable":true,"href":"https:\/\/www.europesays.com\/se\/wp-json\/wp\/v2\/media\/131623"}],"wp:attachment":[{"href":"https:\/\/www.europesays.com\/se\/wp-json\/wp\/v2\/media?parent=131622"}],"wp:term":[{"taxonomy":"category","embeddable":true,"href":"https:\/\/www.europesays.com\/se\/wp-json\/wp\/v2\/categories?post=131622"},{"taxonomy":"post_tag","embeddable":true,"href":"https:\/\/www.europesays.com\/se\/wp-json\/wp\/v2\/tags?post=131622"}],"curies":[{"name":"wp","href":"https:\/\/api.w.org\/{rel}","templated":true}]}}