{"id":131626,"date":"2026-01-10T15:51:07","date_gmt":"2026-01-10T15:51:07","guid":{"rendered":"https:\/\/www.europesays.com\/se\/131626\/"},"modified":"2026-01-10T15:51:07","modified_gmt":"2026-01-10T15:51:07","slug":"ambassadorer-hyllas-for-gripanden-i-utlandet","status":"publish","type":"post","link":"https:\/\/www.europesays.com\/se\/131626\/","title":{"rendered":"Ambassad\u00f6rer hyllas f\u00f6r gripanden i utlandet"},"content":{"rendered":"<p>Ett f\u00f6r\u00e4ndrat arbetss\u00e4tt inom polisen har bidragit till att flera g\u00e4ngkriminella svenskar kunnat gripas i andra l\u00e4nder, rapporterar Aftonbladet. Diplomati och relationsskapande med andra l\u00e4nder uppges vara framg\u00e5ngsreceptet. <\/p>\n<p>Stefan Hector, bitr\u00e4dande rikspolischef, s\u00e4ger att det har \u201dbetytt mycket f\u00f6r samarbetet mellan olika brottsbek\u00e4mpande akt\u00f6rer.\u201d<\/p>\n<p>\u2013 Jag vill s\u00e4rskilt lyfta fram v\u00e5ra ambassad\u00f6rer och uts\u00e4nda, i framf\u00f6r allt Turkiet, Irak och Marocko, som har varit v\u00e4ldigt viktiga f\u00f6r oss.<\/p>\n<p>Bland de gripna finns g\u00e4ngtopparna Mikael Tenezos och Ismail Abdo, som greps i Mexiko respektive Turkiet. <\/p>\n<p>Omni \u00e4r politiskt obundna och oberoende. Vi str\u00e4var efter att ge fler perspektiv p\u00e5 nyheterna. Har du fr\u00e5gor eller synpunkter kring v\u00e5r rapportering? <a href=\"https:\/\/omni.se\/ambassadorer-hyllas-for-gripanden-i-utlandet\/a\/mailto:redaktion@omni.se\" class=\"ArticleActions_contactLink__W2F1M\" rel=\"nofollow noopener\" target=\"_blank\">Kontakta redaktionen<\/a><\/p>\n","protected":false},"excerpt":{"rendered":"Ett f\u00f6r\u00e4ndrat arbetss\u00e4tt inom polisen har bidragit till att flera g\u00e4ngkriminella svenskar kunnat gripas i andra l\u00e4nder, rapporterar&hellip;\n","protected":false},"author":2,"featured_media":131627,"comment_status":"","ping_status":"","sticky":false,"template":"","format":"standard","meta":{"footnotes":""},"categories":[14],"tags":[22,23,26,27,1456,17,21,24,25,28,29,15,16,1274,18,34,3245,31,33,32,30,19,20,51,52,53,54],"class_list":{"0":"post-131626","1":"post","2":"type-post","3":"status-publish","4":"format-standard","5":"has-post-thumbnail","7":"category-varlden","8":"tag-breaking-news","9":"tag-breakingnews","10":"tag-featured-news","11":"tag-featurednews","12":"tag-gangvaldet","13":"tag-headlines","14":"tag-huvudnyheter","15":"tag-latest-news","16":"tag-latestnews","17":"tag-main-news","18":"tag-mainnews","19":"tag-news","20":"tag-nyheter","21":"tag-polisen","22":"tag-rubriker","23":"tag-se","24":"tag-stefan-hector","25":"tag-svenska","26":"tag-sverige","27":"tag-sweden","28":"tag-swedish","29":"tag-top-stories","30":"tag-topstories","31":"tag-varlden","32":"tag-world","33":"tag-world-news","34":"tag-worldnews"},"share_on_mastodon":{"url":"https:\/\/pubeurope.com\/@se\/115871605297225442","error":""},"_links":{"self":[{"href":"https:\/\/www.europesays.com\/se\/wp-json\/wp\/v2\/posts\/131626","targetHints":{"allow":["GET"]}}],"collection":[{"href":"https:\/\/www.europesays.com\/se\/wp-json\/wp\/v2\/posts"}],"about":[{"href":"https:\/\/www.europesays.com\/se\/wp-json\/wp\/v2\/types\/post"}],"author":[{"embeddable":true,"href":"https:\/\/www.europesays.com\/se\/wp-json\/wp\/v2\/users\/2"}],"replies":[{"embeddable":true,"href":"https:\/\/www.europesays.com\/se\/wp-json\/wp\/v2\/comments?post=131626"}],"version-history":[{"count":0,"href":"https:\/\/www.europesays.com\/se\/wp-json\/wp\/v2\/posts\/131626\/revisions"}],"wp:featuredmedia":[{"embeddable":true,"href":"https:\/\/www.europesays.com\/se\/wp-json\/wp\/v2\/media\/131627"}],"wp:attachment":[{"href":"https:\/\/www.europesays.com\/se\/wp-json\/wp\/v2\/media?parent=131626"}],"wp:term":[{"taxonomy":"category","embeddable":true,"href":"https:\/\/www.europesays.com\/se\/wp-json\/wp\/v2\/categories?post=131626"},{"taxonomy":"post_tag","embeddable":true,"href":"https:\/\/www.europesays.com\/se\/wp-json\/wp\/v2\/tags?post=131626"}],"curies":[{"name":"wp","href":"https:\/\/api.w.org\/{rel}","templated":true}]}}