{"id":131628,"date":"2026-01-10T15:55:18","date_gmt":"2026-01-10T15:55:18","guid":{"rendered":"https:\/\/www.europesays.com\/se\/131628\/"},"modified":"2026-01-10T15:55:18","modified_gmt":"2026-01-10T15:55:18","slug":"lassi-thomson-valjer-spelar-i-lugano-sasongen-26-27","status":"publish","type":"post","link":"https:\/\/www.europesays.com\/se\/131628\/","title":{"rendered":"Lassi Thomson v\u00e4ljer spelar i Lugano s\u00e4songen 26\/27"},"content":{"rendered":"<p>Publicerad 9 jan 2026 kl 14.43Uppdaterad kl 14.48<\/p>\n<p>I somras l\u00e4mnade succ\u00e9backen Lassi Thomson Malm\u00f6 f\u00f6r Ottawas organisation.<\/p>\n<p>N\u00e4sta s\u00e4song \u00e5terv\u00e4nder han till Europa \u2013 men inte till Malm\u00f6 som varit ute efter honom.<\/p>\n<p>Enligt vad Expressen erfar \u00e4r Thomson klar f\u00f6r Lugano i Schweiz.<\/p>\n<p>Fina gesten: V\u00e4nnerna ska ha varandra p\u00e5 hj\u00e4lmen<img   alt=\"\"\/><\/p>\n<p>Lassi Thomson.<\/p>\n<p>Foto: CHRISTIAN \u00d6RNBERG \/ BILDBYR\u00c5N<\/p>\n<p>\u00d6ppna bild i helsk\u00e4rm<\/p>\n<p>25-\u00e5rige Thomson bombade in 17 m\u00e5l i SHL:s grundserie, och f\u00f6ljde upp med att g\u00f6ra ytterligare tre i slutspelet.<\/p>\n<p>Det gjorde att NHL-klubben Ottawa p\u00e5 nytt gav Thomson chansen borta i Kanada. Men n\u00e5got NHL-spel har det inte blivit f\u00f6r den offensivt lagda backen, med det fruktade skottet.<\/p>\n<p>Ist\u00e4llet har blickarna riktats mot Europa inf\u00f6r kommande s\u00e4song, och hans tidigare klubb <a href=\"https:\/\/www.expressen.se\/tagg\/organization\/malmo-redhawks\/\" class=\"\" rel=\"nofollow noopener\" target=\"_blank\">Malm\u00f6 Redhawks<\/a> har visat stort intresse f\u00f6r att plocka in honom p\u00e5 nytt. Men s\u00e5 blir det inte.<\/p>\n<p>Thomson \u00e4r n\u00e4mligen klar f\u00f6r HC Lugano n\u00e4sta s\u00e4song. Klubben tr\u00e4nas av tidigare F\u00e4rjestadstr\u00e4naren Tomas Mitell och tidigare Skellefte\u00e5tr\u00e4naren Stefan Hedlund. Enligt Expressens k\u00e4llor har Thomson skrivit p\u00e5 f\u00f6r schweizarna.<\/p>\n<p>Kan \u00e5terv\u00e4nda till Europa denna s\u00e4song<\/p>\n<p>D\u00e4remot \u00e4r hans framtid denna s\u00e4song fortfarande oklar. Den h\u00e4r s\u00e4songen har han ett avtal med Ottawa och spelar f\u00f6r farmarklubben Belleville. Det finns m\u00f6jligheter att han \u00e5terv\u00e4nder till Europa, och d\u00e5 har han ett g\u00e4llande avtal med Malm\u00f6. Enligt Expressens k\u00e4llor \u00e4r Thomson villig att haka p\u00e5 det kontraktet, men agenten har aviserat att Malm\u00f6 kommer beh\u00f6va salta p\u00e5 kontraktet, som var billigt sett till hans nuvarande marknadsv\u00e4rde n\u00e4r det skrevs. Det \u00e4r Malm\u00f6 tveksamma till, d\u00e5 man vet med sig att Thomson redan \u00e4r klar f\u00f6r en annan klubb till n\u00e4sta s\u00e4song.<\/p>\n<p>Den klubben \u00e4r allts\u00e5 HC Lugano.<\/p>\n<p>Lugano \u00e4r redo att skriva kontrakt med ytterligare en import denna s\u00e4song, men ska i f\u00f6rsta hand vara intresserade av att fylla den platsen med en forward. Annars hade det kunnat finnas en m\u00f6jlighet f\u00f6r Malm\u00f6 att s\u00e4lja vidare de r\u00e4ttigheterna till Lugano redan nu.<\/p>\n","protected":false},"excerpt":{"rendered":"Publicerad 9 jan 2026 kl 14.43Uppdaterad kl 14.48 I somras l\u00e4mnade succ\u00e9backen Lassi Thomson Malm\u00f6 f\u00f6r Ottawas organisation.&hellip;\n","protected":false},"author":2,"featured_media":131629,"comment_status":"","ping_status":"","sticky":false,"template":"","format":"standard","meta":{"footnotes":""},"categories":[68],"tags":[2735,1179,34,255,823,111,110,31,33,32,30],"class_list":{"0":"post-131628","1":"post","2":"type-post","3":"status-publish","4":"format-standard","5":"has-post-thumbnail","7":"category-sport","8":"tag-organization-malmo-redhawks","9":"tag-organization-shl","10":"tag-se","11":"tag-sections-ishockey","12":"tag-sections-shl","13":"tag-sport","14":"tag-sports","15":"tag-svenska","16":"tag-sverige","17":"tag-sweden","18":"tag-swedish"},"share_on_mastodon":{"url":"https:\/\/pubeurope.com\/@se\/115871621086009006","error":""},"_links":{"self":[{"href":"https:\/\/www.europesays.com\/se\/wp-json\/wp\/v2\/posts\/131628","targetHints":{"allow":["GET"]}}],"collection":[{"href":"https:\/\/www.europesays.com\/se\/wp-json\/wp\/v2\/posts"}],"about":[{"href":"https:\/\/www.europesays.com\/se\/wp-json\/wp\/v2\/types\/post"}],"author":[{"embeddable":true,"href":"https:\/\/www.europesays.com\/se\/wp-json\/wp\/v2\/users\/2"}],"replies":[{"embeddable":true,"href":"https:\/\/www.europesays.com\/se\/wp-json\/wp\/v2\/comments?post=131628"}],"version-history":[{"count":0,"href":"https:\/\/www.europesays.com\/se\/wp-json\/wp\/v2\/posts\/131628\/revisions"}],"wp:featuredmedia":[{"embeddable":true,"href":"https:\/\/www.europesays.com\/se\/wp-json\/wp\/v2\/media\/131629"}],"wp:attachment":[{"href":"https:\/\/www.europesays.com\/se\/wp-json\/wp\/v2\/media?parent=131628"}],"wp:term":[{"taxonomy":"category","embeddable":true,"href":"https:\/\/www.europesays.com\/se\/wp-json\/wp\/v2\/categories?post=131628"},{"taxonomy":"post_tag","embeddable":true,"href":"https:\/\/www.europesays.com\/se\/wp-json\/wp\/v2\/tags?post=131628"}],"curies":[{"name":"wp","href":"https:\/\/api.w.org\/{rel}","templated":true}]}}