{"id":13163,"date":"2025-08-25T09:45:08","date_gmt":"2025-08-25T09:45:08","guid":{"rendered":"https:\/\/www.europesays.com\/se\/13163\/"},"modified":"2025-08-25T09:45:08","modified_gmt":"2025-08-25T09:45:08","slug":"jonas-berglund-kan-tvingas-avsluta-karriaren","status":"publish","type":"post","link":"https:\/\/www.europesays.com\/se\/13163\/","title":{"rendered":"Jonas Berglund kan tvingas avsluta karri\u00e4ren"},"content":{"rendered":"<p>Publicerad 25 aug 2025 kl 10.14Uppdaterad kl 11.20<\/p>\n<p>Jonas Berglund dras med dubbla diskbr\u00e5ck.\u00a0<\/p>\n<p>Nu kan Lule\u00e5-guldhj\u00e4lten tvingas avsluta sin karri\u00e4r, skriver NSD.\u00a0<\/p>\n<p><img loading=\"lazy\"   alt=\"\"\/><\/p>\n<p>34-\u00e5rige Jonas Berglund.<\/p>\n<p>Foto: SIMON ELIASSON \/ BILDBYR\u00c5N<\/p>\n<p>\u00d6ppna bild i helsk\u00e4rm<img loading=\"lazy\"   alt=\"\"\/> <\/p>\n<p>Foto: SIMON ELIASSON \/ BILDBYR\u00c5N<\/p>\n<p>\u00d6ppna bild i helsk\u00e4rm<\/p>\n<p>34-\u00e5ringen \u00e4r f\u00f6dd i norrbottniska \u00c4lvsbyn och har Lule\u00e5 som moderklubb.\u00a0<\/p>\n<p>Fjol\u00e5rss\u00e4songen som avslutades med SM-guld blev hans sjunde raka f\u00f6r klubben.\u00a0<\/p>\n<p>Nu kan Berglund ha gjort sin sista match f\u00f6r Lule\u00e5.\u00a0<\/p>\n<p>NSD skriver att centern, som under en tid besv\u00e4rats av dubbla diskbr\u00e5ck, ser ut att beh\u00f6va operera ryggen.\u00a0<\/p>\n<p>N\u00e5got som troligtvis kommer resultera i att Berglund tvingas avsluta sin karri\u00e4r, det sa Lule\u00e5 Hockeys fysansvarige Mattias Waaranper\u00e4 <a href=\"https:\/\/www.nsd.se\/sport\/ishockey\/artikel\/ryggproblemet-stoppar-trotjanaren-karriaren-ar-troligen-over\/r24nxdvj\" rel=\"nofollow noopener\" target=\"_blank\">till NSD<\/a> under m\u00e5ndagen.\u00a0<\/p>\n","protected":false},"excerpt":{"rendered":"Publicerad 25 aug 2025 kl 10.14Uppdaterad kl 11.20 Jonas Berglund dras med dubbla diskbr\u00e5ck.\u00a0 Nu kan Lule\u00e5-guldhj\u00e4lten tvingas&hellip;\n","protected":false},"author":2,"featured_media":13164,"comment_status":"","ping_status":"","sticky":false,"template":"","format":"standard","meta":{"footnotes":""},"categories":[68],"tags":[1178,1179,34,255,111,110,31,33,32,30],"class_list":{"0":"post-13163","1":"post","2":"type-post","3":"status-publish","4":"format-standard","5":"has-post-thumbnail","7":"category-sport","8":"tag-organization-lulea-hockey","9":"tag-organization-shl","10":"tag-se","11":"tag-sections-ishockey","12":"tag-sport","13":"tag-sports","14":"tag-svenska","15":"tag-sverige","16":"tag-sweden","17":"tag-swedish"},"share_on_mastodon":{"url":"","error":""},"_links":{"self":[{"href":"https:\/\/www.europesays.com\/se\/wp-json\/wp\/v2\/posts\/13163","targetHints":{"allow":["GET"]}}],"collection":[{"href":"https:\/\/www.europesays.com\/se\/wp-json\/wp\/v2\/posts"}],"about":[{"href":"https:\/\/www.europesays.com\/se\/wp-json\/wp\/v2\/types\/post"}],"author":[{"embeddable":true,"href":"https:\/\/www.europesays.com\/se\/wp-json\/wp\/v2\/users\/2"}],"replies":[{"embeddable":true,"href":"https:\/\/www.europesays.com\/se\/wp-json\/wp\/v2\/comments?post=13163"}],"version-history":[{"count":0,"href":"https:\/\/www.europesays.com\/se\/wp-json\/wp\/v2\/posts\/13163\/revisions"}],"wp:featuredmedia":[{"embeddable":true,"href":"https:\/\/www.europesays.com\/se\/wp-json\/wp\/v2\/media\/13164"}],"wp:attachment":[{"href":"https:\/\/www.europesays.com\/se\/wp-json\/wp\/v2\/media?parent=13163"}],"wp:term":[{"taxonomy":"category","embeddable":true,"href":"https:\/\/www.europesays.com\/se\/wp-json\/wp\/v2\/categories?post=13163"},{"taxonomy":"post_tag","embeddable":true,"href":"https:\/\/www.europesays.com\/se\/wp-json\/wp\/v2\/tags?post=13163"}],"curies":[{"name":"wp","href":"https:\/\/api.w.org\/{rel}","templated":true}]}}