{"id":131632,"date":"2026-01-10T15:57:10","date_gmt":"2026-01-10T15:57:10","guid":{"rendered":"https:\/\/www.europesays.com\/se\/131632\/"},"modified":"2026-01-10T15:57:10","modified_gmt":"2026-01-10T15:57:10","slug":"ett-773-000-ar-gammalt-grottfynd-kan-forandra-manniskans-historia","status":"publish","type":"post","link":"https:\/\/www.europesays.com\/se\/131632\/","title":{"rendered":"Ett 773 000 \u00e5r gammalt grottfynd kan f\u00f6r\u00e4ndra m\u00e4nniskans historia"},"content":{"rendered":"<p>De beskriver dem som grundl\u00e4ggande f\u00f6r den linje som slutar med den moderna m\u00e4nniskan, Homo sapiens.<\/p>\n<p>\u201dFossilen fr\u00e5n Grotte \u00e0 hominid\u00e9s \u00e4r nog de b\u00e4sta kandidater vi har f\u00f6r en afrikansk befolkning som befinner sig n\u00e4ra r\u00f6tterna till ett gemensamt ursprung. D\u00e4rmed st\u00e4rks teorin om Afrika som v\u00e5r arts ursprung\u201d, kommenterar Jean-Jacques Hublin, den nya studiens huvudf\u00f6rfattare och professor i evolution\u00e4r antropologi vid Max Planck-institutet, i <a href=\"https:\/\/www.mpg.de\/25951868\/0105-evan-early-hominins-from-thomas-quarry-i-morocco-150495-x\" target=\"_blank\" class=\"hover:font-bold\" rel=\"nofollow noopener\">ett pressmeddelande<\/a>.<\/p>\n<p>Gruppens tolkning \u00e4r d\u00e4rf\u00f6r att det f\u00f6r cirka 750 000 \u00e5r sedan fanns tidiga m\u00e4nniskor i Nordafrika som utgjorde en avg\u00f6rande skiljev\u00e4g f\u00f6r m\u00e4nniskans senare evolution.<\/p>\n<p><strong>Tv\u00e5 omfattande studier har slitit upp v\u00e5rt stamtr\u00e4d med r\u00f6tterna. L\u00e4s om varf\u00f6r i den h\u00e4r artikeln:<\/strong><\/p>\n","protected":false},"excerpt":{"rendered":"De beskriver dem som grundl\u00e4ggande f\u00f6r den linje som slutar med den moderna m\u00e4nniskan, Homo sapiens. \u201dFossilen fr\u00e5n&hellip;\n","protected":false},"author":2,"featured_media":131633,"comment_status":"","ping_status":"","sticky":false,"template":"","format":"standard","meta":{"footnotes":""},"categories":[66],"tags":[80,78,79,34,31,33,32,30,81,84,83,82],"class_list":{"0":"post-131632","1":"post","2":"type-post","3":"status-publish","4":"format-standard","5":"has-post-thumbnail","7":"category-vetenskap-och-teknik","8":"tag-science","9":"tag-science-and-technology","10":"tag-scienceandtechnology","11":"tag-se","12":"tag-svenska","13":"tag-sverige","14":"tag-sweden","15":"tag-swedish","16":"tag-technology","17":"tag-teknik","18":"tag-vetenskap","19":"tag-vetenskapteknik"},"share_on_mastodon":{"url":"https:\/\/pubeurope.com\/@se\/115871628887514787","error":""},"_links":{"self":[{"href":"https:\/\/www.europesays.com\/se\/wp-json\/wp\/v2\/posts\/131632","targetHints":{"allow":["GET"]}}],"collection":[{"href":"https:\/\/www.europesays.com\/se\/wp-json\/wp\/v2\/posts"}],"about":[{"href":"https:\/\/www.europesays.com\/se\/wp-json\/wp\/v2\/types\/post"}],"author":[{"embeddable":true,"href":"https:\/\/www.europesays.com\/se\/wp-json\/wp\/v2\/users\/2"}],"replies":[{"embeddable":true,"href":"https:\/\/www.europesays.com\/se\/wp-json\/wp\/v2\/comments?post=131632"}],"version-history":[{"count":0,"href":"https:\/\/www.europesays.com\/se\/wp-json\/wp\/v2\/posts\/131632\/revisions"}],"wp:featuredmedia":[{"embeddable":true,"href":"https:\/\/www.europesays.com\/se\/wp-json\/wp\/v2\/media\/131633"}],"wp:attachment":[{"href":"https:\/\/www.europesays.com\/se\/wp-json\/wp\/v2\/media?parent=131632"}],"wp:term":[{"taxonomy":"category","embeddable":true,"href":"https:\/\/www.europesays.com\/se\/wp-json\/wp\/v2\/categories?post=131632"},{"taxonomy":"post_tag","embeddable":true,"href":"https:\/\/www.europesays.com\/se\/wp-json\/wp\/v2\/tags?post=131632"}],"curies":[{"name":"wp","href":"https:\/\/api.w.org\/{rel}","templated":true}]}}