{"id":131634,"date":"2026-01-10T15:58:07","date_gmt":"2026-01-10T15:58:07","guid":{"rendered":"https:\/\/www.europesays.com\/se\/131634\/"},"modified":"2026-01-10T15:58:07","modified_gmt":"2026-01-10T15:58:07","slug":"118-kvadratmeter-stort-hus-i-knivsta-salt-for-5-750-000-kronor","status":"publish","type":"post","link":"https:\/\/www.europesays.com\/se\/131634\/","title":{"rendered":"118 kvadratmeter stort hus i Knivsta s\u00e5lt f\u00f6r 5\u00a0750\u00a0000 kronor"},"content":{"rendered":"<p> Huset byggdes 2008 och har en boyta p\u00e5 118 kvadratmeter. S\u00e4ljare \u00e4r Bj\u00f6rn Paul Tibbling och Erika Maria Susanne Olsson. \u00c4garbytet gjordes i december 2025 och prislappen blev 5\u00a0750\u00a0000 kronor.F\u00f6r fem m\u00e5nader sedan s\u00e5ldes ett annat hus alldeles i n\u00e4rheten, p\u00e5 Forsbyv\u00e4gen 59. D\u00e4r landade priset p\u00e5 7\u00a0100\u00a0000 kronor f\u00f6r det 154 kvadratmeter stora huset.Det h\u00e4r \u00e4r fj\u00e4rde g<\/p>\n","protected":false},"excerpt":{"rendered":"Huset byggdes 2008 och har en boyta p\u00e5 118 kvadratmeter. S\u00e4ljare \u00e4r Bj\u00f6rn Paul Tibbling och Erika Maria&hellip;\n","protected":false},"author":2,"featured_media":131635,"comment_status":"","ping_status":"","sticky":false,"template":"","format":"standard","meta":{"footnotes":""},"categories":[65],"tags":[72,70,71,34,31,33,32,30],"class_list":{"0":"post-131634","1":"post","2":"type-post","3":"status-publish","4":"format-standard","5":"has-post-thumbnail","7":"category-ekonomi","8":"tag-business","9":"tag-economy","10":"tag-ekonomi","11":"tag-se","12":"tag-svenska","13":"tag-sverige","14":"tag-sweden","15":"tag-swedish"},"share_on_mastodon":{"url":"https:\/\/pubeurope.com\/@se\/115871632761829704","error":""},"_links":{"self":[{"href":"https:\/\/www.europesays.com\/se\/wp-json\/wp\/v2\/posts\/131634","targetHints":{"allow":["GET"]}}],"collection":[{"href":"https:\/\/www.europesays.com\/se\/wp-json\/wp\/v2\/posts"}],"about":[{"href":"https:\/\/www.europesays.com\/se\/wp-json\/wp\/v2\/types\/post"}],"author":[{"embeddable":true,"href":"https:\/\/www.europesays.com\/se\/wp-json\/wp\/v2\/users\/2"}],"replies":[{"embeddable":true,"href":"https:\/\/www.europesays.com\/se\/wp-json\/wp\/v2\/comments?post=131634"}],"version-history":[{"count":0,"href":"https:\/\/www.europesays.com\/se\/wp-json\/wp\/v2\/posts\/131634\/revisions"}],"wp:featuredmedia":[{"embeddable":true,"href":"https:\/\/www.europesays.com\/se\/wp-json\/wp\/v2\/media\/131635"}],"wp:attachment":[{"href":"https:\/\/www.europesays.com\/se\/wp-json\/wp\/v2\/media?parent=131634"}],"wp:term":[{"taxonomy":"category","embeddable":true,"href":"https:\/\/www.europesays.com\/se\/wp-json\/wp\/v2\/categories?post=131634"},{"taxonomy":"post_tag","embeddable":true,"href":"https:\/\/www.europesays.com\/se\/wp-json\/wp\/v2\/tags?post=131634"}],"curies":[{"name":"wp","href":"https:\/\/api.w.org\/{rel}","templated":true}]}}