{"id":131636,"date":"2026-01-10T16:03:30","date_gmt":"2026-01-10T16:03:30","guid":{"rendered":"https:\/\/www.europesays.com\/se\/131636\/"},"modified":"2026-01-10T16:03:30","modified_gmt":"2026-01-10T16:03:30","slug":"sebastian-trea-i-herrarnas-jaktstart","status":"publish","type":"post","link":"https:\/\/www.europesays.com\/se\/131636\/","title":{"rendered":"Sebastian trea i herrarnas jaktstart!"},"content":{"rendered":"<p class=\"normal\">Efter tv\u00e5 bom i det inledande skyttet f\u00f6ll <strong>Jesper Nelin<\/strong> fem placeringar till 13:e plats och var d\u00e4refter en placering b\u00e4ttre, trots \u00e4nnu ett missat skott i andra liggande. Han f\u00f6ll d\u00e4remot 10 placeringar efter tv\u00e5 varv i straffrundan efter det tredje skyttet och avslutade sedan med samma resultat \u00e4ven i sista st\u00e5ende. P\u00e5 slutvarvet tog sig Jesper \u00e4nd\u00e5 f\u00f6rbi tre man till 26:e plats i m\u00e5l, 1,59 fr\u00e5n segern. Han tappade sammanlagt 1,09 mot Martin \u00e5km\u00e4ssigt p\u00e5 de fem varven.<\/p>\n<p class=\"normal\"><strong>Viktor Brandt<\/strong> \u00e5kte p\u00e5 tv\u00e5 bom b\u00e5de i f\u00f6rsta och andra liggande och var 45:a ut p\u00e5 det tredje varvet. Tyv\u00e4rr gjorde hela fyra missade skott i f\u00f6rsta st\u00e5ende att han f\u00f6ll sju placeringar, men avslutade fint med fem fulltr\u00e4ffar i det sista skyttet. Viktor var 48:a ut p\u00e5 slutvarvet och hamnade p\u00e5 46:e plats i m\u00e5l, 3,49 bakom <strong>Tommaso Giacomel<\/strong> \u2013 och han var tv\u00e5 minuter l\u00e5ngsammare \u00e4n Martin i sp\u00e5ret.<\/p>\n<p class=\"normal\">Det blev en bom i det inledande skyttet f\u00f6r <strong>Malte Stefansson<\/strong> som l\u00e4mnade vallen p\u00e5 50:e plats, men missade ytterligare fyra skott i andra liggande och f\u00f6ll sex placeringar. Efter en bom i det tredje skyttet och tv\u00e5 missades skott i sista st\u00e5ende blev han 54:a i m\u00e5l, 5,15 fr\u00e5n segern. \u00c5km\u00e4ssigt tappade Malte totalt 2,14 mot Martin.<\/p>\n<p class=\"normal\"><strong>Damer stafett<\/strong><\/p>\n<p class=\"normal\"><strong>Anna Magnusson<\/strong> och <strong>Lou Jeanmonnot<\/strong> drog ifr\u00e5n resten av startf\u00e4ltet direkt och var 16 sekunder f\u00f6re p\u00e5 v\u00e4g in till det liggande skyttet. Tyv\u00e4rr fick Anna stora problem med gev\u00e4rsremmen som lossnade. Hon fick till sist fast den, men efter ett extraskott och en serie p\u00e5 1,12 l\u00e4mnade svenskan vallen p\u00e5 16:e plats &#8211; 47 sekunder bakom fransyskan. P\u00e5 mellanrundan tappade Anna 10 sekunder och fick sedan anv\u00e4nda alla tre extraskotten i st\u00e5ende. Hon klarade sig \u00e4nd\u00e5 utan straffrunda i bl\u00e5sten och hade 1,20 upp till t\u00e4ten, men fick tyv\u00e4rr \u00e5ka i ett ingenmansland p\u00e5 slutvarvet och v\u00e4xlade p\u00e5 16:e plats &#8211; 1,38 bakom Frankrike. \u00c5km\u00e4ssigt hade Anna femte tid totalt, 29 sekunder l\u00e5ngsammare \u00e4n <strong>Lou Jeanmonnot<\/strong>.<\/p>\n<p class=\"normal\">Det var ett trist utg\u00e5ngsl\u00e4ge f\u00f6r <strong>Anna-Karin Heijdenberg<\/strong> som passerade Schweiz och h\u00f6ll avst\u00e5ndet mot ledande fransyskan <strong>Oceane Michelon<\/strong> p\u00e5 sitt f\u00f6rsta varv. Tyv\u00e4rr \u00e5kte hon p\u00e5 en straffrunda i det liggande skyttet och f\u00f6ll till 18:e plats, men tog sig sedan f\u00f6rbi tv\u00e5 lag p\u00e5 mellanrundan. I st\u00e5ende klarade sig Anna-Karin utan straffrunda, men tvingades anv\u00e4nda alla tre extraskotten och l\u00e4mnade vallen p\u00e5 samma placering. P\u00e5 slutvarvet passerade hon d\u00e4remot fyra lag med tredje \u00e5ktid och v\u00e4xlade p\u00e5 12:e plats, 2,33 bakom Frankrike. Anna-Karin hade \u00e4ven tredje tid totalt i sp\u00e5ret, 13 sekunder l\u00e5ngsammare \u00e4n <strong>Anamarija Lampic<\/strong> fr\u00e5n Slovenien &#8211; och var nia p\u00e5 sj\u00e4lva str\u00e4ckan.<\/p>\n<p class=\"normal\"><strong>Hanna \u00d6berg<\/strong> tog sig f\u00f6rbi Estland med n\u00e4st b\u00e4sta \u00e5ktid p\u00e5 v\u00e4gen till det liggande skyttet, men \u00e5kte p\u00e5 en straffrunda och f\u00f6ll till 14:e plats, 3,16 bakom ledande Frankrike. P\u00e5 mellanrundan passerade hon d\u00e4remot Lettland och klarades sig sedan med ett extraskott i st\u00e5ende. Det gjorde att Hanna l\u00e4mnade vallen som 11:e lag, men avancerade en placering p\u00e5 slutvarvet och v\u00e4xlade till sist p\u00e5 10:e plats, 3,30 bakom Frankrike som hade ledningen med hela 1,30 f\u00f6re Tyskland och Norge. \u00c5km\u00e4ssigt hade svenskan tredje tid sammanlagt, 22 sekunder l\u00e5ngsammare \u00e4n fransyskan <strong>Justine Braisaz-Bouchet<\/strong> \u2013 och Hanna var dessutom femma p\u00e5 sj\u00e4lva str\u00e4ckan.<\/p>\n<p class=\"normal\">P\u00e5 sitt f\u00f6rsta varv passerade <strong>Elvira \u00d6berg<\/strong> tv\u00e5 lag med klart snabbaste \u00e5ktid och l\u00e5g p\u00e5 18:e plats p\u00e5 v\u00e4g in till det liggande skyttet. D\u00e4r lyckades hon nolla och var fortfarande \u00e5tta ut fr\u00e5n vallen, men n\u00e4rmade sig lagen strax framf\u00f6r. P\u00e5 mellanrundan fortsatte Elvira med b\u00e4sta \u00e5ktid igen och avancerade till femte plats och l\u00e5g kvar p\u00e5 samma placering efter tv\u00e5 extraskott i sista st\u00e5ende. Hon hade 24 sekunder upp till Finland ut p\u00e5 slutvarvet vilket var f\u00f6r mycket, s\u00e5 Elvira fick bevaka placeringen och tog ocks\u00e5 det svenska laget i m\u00e5l som femma &#8211; 2,43 bakom Frankrike som vann \u00f6verl\u00e4gset. I sp\u00e5ret var hon snabbast av alla, sex sekunder f\u00f6re finskan <strong>Suvi Minkkinen <\/strong>\u2013 och dessutom tv\u00e5a p\u00e5 sj\u00e4lva str\u00e4ckan.<\/p>\n<p class=\"normal\">Sverige var \u00e4ven snabbast totalt i sp\u00e5ret, \u00e5tta sekunder f\u00f6re Frankrike &#8211; men bara 16:e lag p\u00e5 skjutvallen, 2,20 l\u00e5ngsammare \u00e4n Norge.<\/p>\n<p class=\"normal\">I morgon avslutas v\u00e4rldscupt\u00e4vlingarna i Oberhof med herrarnas stafett kl. 11.00, f\u00f6ljt av damernas jaktstart kl. 14.30.<\/p>\n<p class=\"normal\"><strong>Text och analys: L-G Alsenius<\/strong><\/p>\n","protected":false},"excerpt":{"rendered":"Efter tv\u00e5 bom i det inledande skyttet f\u00f6ll Jesper Nelin fem placeringar till 13:e plats och var d\u00e4refter&hellip;\n","protected":false},"author":2,"featured_media":131637,"comment_status":"","ping_status":"","sticky":false,"template":"","format":"standard","meta":{"footnotes":""},"categories":[68],"tags":[34,111,110,31,33,32,30],"class_list":{"0":"post-131636","1":"post","2":"type-post","3":"status-publish","4":"format-standard","5":"has-post-thumbnail","7":"category-sport","8":"tag-se","9":"tag-sport","10":"tag-sports","11":"tag-svenska","12":"tag-sverige","13":"tag-sweden","14":"tag-swedish"},"share_on_mastodon":{"url":"https:\/\/pubeurope.com\/@se\/115871652525624936","error":""},"_links":{"self":[{"href":"https:\/\/www.europesays.com\/se\/wp-json\/wp\/v2\/posts\/131636","targetHints":{"allow":["GET"]}}],"collection":[{"href":"https:\/\/www.europesays.com\/se\/wp-json\/wp\/v2\/posts"}],"about":[{"href":"https:\/\/www.europesays.com\/se\/wp-json\/wp\/v2\/types\/post"}],"author":[{"embeddable":true,"href":"https:\/\/www.europesays.com\/se\/wp-json\/wp\/v2\/users\/2"}],"replies":[{"embeddable":true,"href":"https:\/\/www.europesays.com\/se\/wp-json\/wp\/v2\/comments?post=131636"}],"version-history":[{"count":0,"href":"https:\/\/www.europesays.com\/se\/wp-json\/wp\/v2\/posts\/131636\/revisions"}],"wp:featuredmedia":[{"embeddable":true,"href":"https:\/\/www.europesays.com\/se\/wp-json\/wp\/v2\/media\/131637"}],"wp:attachment":[{"href":"https:\/\/www.europesays.com\/se\/wp-json\/wp\/v2\/media?parent=131636"}],"wp:term":[{"taxonomy":"category","embeddable":true,"href":"https:\/\/www.europesays.com\/se\/wp-json\/wp\/v2\/categories?post=131636"},{"taxonomy":"post_tag","embeddable":true,"href":"https:\/\/www.europesays.com\/se\/wp-json\/wp\/v2\/tags?post=131636"}],"curies":[{"name":"wp","href":"https:\/\/api.w.org\/{rel}","templated":true}]}}