{"id":131638,"date":"2026-01-10T16:04:15","date_gmt":"2026-01-10T16:04:15","guid":{"rendered":"https:\/\/www.europesays.com\/se\/131638\/"},"modified":"2026-01-10T16:04:15","modified_gmt":"2026-01-10T16:04:15","slug":"svenska-revyn-pa-slagthuset-bilden-av-sverige-filtrerad-genom-klassisk-revytradition","status":"publish","type":"post","link":"https:\/\/www.europesays.com\/se\/131638\/","title":{"rendered":"Svenska Revyn p\u00e5 Slagthuset \u2013 bilden av Sverige filtrerad genom klassisk revytradition"},"content":{"rendered":"<p><img data-lazyloaded=\"1\" fetchpriority=\"high\" decoding=\"async\" width=\"2000\" height=\"1333\" src=\"https:\/\/www.europesays.com\/se\/wp-content\/uploads\/2026\/01\/DSC_3770.jpg\" alt=\"\" class=\"wp-image-234268\"  data-\/>Foto: Press \/ Kristian Kr\u00e4n<\/p>\n<p>Sn\u00f6n ligger vit p\u00e5 Malm\u00f6s gator och s\u00e5 ska det naturligtvis inte vara. Inte nu i januari. I Sk\u00e5ne f\u00e5r det bara sn\u00f6a tv\u00e5 g\u00e5nger om \u00e5ret, vare sig det vill eller inte. P\u00e5 lillejulafton (under premissen att det hinner sm\u00e4lta till slask p\u00e5 julafton) och p\u00e5 min f\u00f6delsedag 25 februari. Allt annat \u00e4r bara svenska traditioner som inte har h\u00e4r nere att g\u00f6ra.<\/p>\n<p>Ett halv\u00e5r efter att Lars Tr\u00e4g\u00e5rdh med v\u00e4nner publicerade sitt tandl\u00f6sa f\u00f6rs\u00f6k till en svensk kulturkanon beger sig Svenska revyn med <strong>Henrik Dorsin<\/strong> (<strong>Grotesco<\/strong>, Solsidan) i spetsen till Slagthuset i Malm\u00f6. En tre timmar l\u00e5ng maratonrevy f\u00f6r att l\u00e4ra sk\u00e5ningen vad svenskhet \u00e4r. Folkparker, folkhem, saltsj\u00f6badsanda, nationalromantik, \u00e5siktskorridorer, gentrifiering och jante. Och bl\u00e5b\u00e4rspaj med rumstempererad vaniljs\u00e5s. Lite som n\u00e4r Karl X Gustav t\u00e5gade \u00f6ver B\u00e4lt f\u00f6r att br\u00e4nna v\u00e5ra byar, diktera v\u00e5ra lagar och hygienisera v\u00e5rt s\u00e4tt att prata. En mer \u00e4n nationell angel\u00e4genhet.<\/p>\n<p>Sj\u00e4lvklart i formen av den mest ursvenska av alla ursvenska kulturformer: revyn. I rakt nedstigande led efter <strong>August Blanche<\/strong>, <strong>Karl Gerhard<\/strong>, <strong>Povel Ramel<\/strong>, <strong>Svenska Ord<\/strong> och <strong>Galenskaparna &amp; After Shave<\/strong>. I programbladets f\u00f6rord h\u00e4vdar Andrev Walden visserligen att revyn \u00e4r en importerad uppfinning, n\u00e4rmare best\u00e4mt fr\u00e5n Frankrike, men till saken h\u00f6r att om det \u00f6verhuvudtaget skulle finnas en ursvensk kultur s\u00e5 \u00e4r det \u2013 oavsett vad s\u00e5 kallade Sverigev\u00e4nner p\u00e5st\u00e5r \u2013 just det. Att l\u00e5ta sig inspireras av andra kulturer och skapa n\u00e5got eget utifr\u00e5n det. Kulturell appropriering. Som den lika ursvenska folkmusiken d\u00e4r polskan h\u00e4rstammar fr\u00e5n Polen, schottisen fr\u00e5n Skottland och engelskan fr\u00e5n England. Potatisen kommer fr\u00e5n Chile, k\u00f6ttbullarna fr\u00e5n Turkiet och kaffet fr\u00e5n Etiopien.<\/p>\n<p>Likt Scalarevyn (2021) hade Svenska Reyn premi\u00e4rp\u00e5 Scalateatern i Stockholm 2024 med Henrik Dorsin, <strong>Vanna Rosenberg<\/strong> (<strong>Adastra<\/strong>, <strong>Tomas Hirdman<\/strong>, Kvarteret Skatan) och <strong>Johan Ulveson <\/strong>(<strong>Lorry<\/strong>, <strong>White Pepper<\/strong>, <strong>Povel Ramel<\/strong>) i enad front. I februari g\u00e5r den upps\u00e4ttningen upp p\u00e5 vita duken men h\u00e4r i Malm\u00f6, precis som p\u00e5 h\u00f6stens upps\u00e4ttning p\u00e5 Lorensbergsteatern i G\u00f6teborg, \u00e4r Ulveson ersatt av <strong>Johan Glans<\/strong> (Kvarteret Skatan, Nisse Hults historiska nedslag, Halvv\u00e4gs till himlen) i all sin glansiga glans. En organisk trio som kompletterar varandra v\u00e4l medan vokalgruppen <strong>Svenska S\u00e5nggruppen AB<\/strong> best\u00e5ende av Jessica Heribertsson, Emmalisa Hallander (<strong>Sand &amp; Hallander<\/strong>), Annika Granlund Jonsson (<strong>Lars Winnerb\u00e4ck<\/strong>, <strong>Mikael Wiehe<\/strong>, <strong>Tomas Ledin<\/strong>), Dennis Quintero (<strong>Boppers<\/strong>, <strong>TT Grace<\/strong>) och Andreas Alfredsson Grube (Grotesco, <strong>Carola<\/strong>, <strong>Lasse Lindh<\/strong>) bryter av i praktfulla k\u00f6rst\u00e4mmor och halsbrytande dansnummer (de tv\u00e5 sistn\u00e4mnda ibland med varsin gitarr).<\/p>\n<p><img loading=\"lazy\" data-lazyloaded=\"1\" decoding=\"async\" width=\"2123\" height=\"1592\" src=\"https:\/\/www.europesays.com\/se\/wp-content\/uploads\/2026\/01\/1000092191.jpg\" alt=\"\" class=\"wp-image-234270\"  data-\/>Foto: Rick Titr\u00f6<\/p>\n<p>Bakom allt detta st\u00e5r den ofattbara orkestern <strong>J\u00e4vla Livgardes Paradorkester <\/strong>i en m\u00e5ngskiftande bl\u00e5b\u00e4rskompott av kupletter, studentk\u00f6rer, folkdansgille, nationalhymner, swing, dansband, folkparksschlagers och Hagmans Konditori-rock\u2019n\u2019roll. Kapellm\u00e4staren, komposit\u00f6ren och trumslagaren Per Ekdahl illsammans med violinisten Malin-My Wall, pianisten och dragspelaren Vladan Wirant, el- och kontrabasisten Martin H\u00f6per trumpetaren, trombonisten, hornisten och diversebleckbl\u00e5saren Lisa Bodelius samt saxofonisten, klarinettisten, fl\u00f6jtisten och diversetr\u00e4bl\u00e5saren Per \u201cTexas\u201d Johansson.<\/p>\n<p>H\u00f6gt blandas med l\u00e5gt. Fniss, sm\u00e5skratt, flabb och flabb med appl\u00e5d. Svenska v\u00e4rderingar, traditioner, historia och kultur omfamnas, nagelfars och f\u00f6rl\u00f6jligas. Regentl\u00e4ngder, dalah\u00e4star, furu, byr\u00e5krati, vikingar och frejdade stammar. Lustiga kostymer, l\u00f6jliga dialekter och egendomliga namn som Jante Johansson, Birgitta Limhamn-Drag\u00f8r och Gull-Fia Folkdr\u00e4ktsson. Finurliga ordv\u00e4ndningar, skarpsynta samh\u00e4llskommentarer och n\u00e4stan portr\u00e4ttlika karikatyrer av <strong>First Aid Kit<\/strong>, Jimmie \u00c5kesson, Ulf Kristersson och Gunnar Str\u00f6mmer. Henrik rusar runt p\u00e5 scen i permobil, Johan dr\u00e4nks i bajs och Vanna arrangerar litter\u00e4ra soar\u00e9er f\u00f6r barn mellan tre och nio \u00e5r. Bland otaliga referenser n\u00e5r det h\u00f6gkulturella sin spets i en grundlig genomg\u00e5ng av svensk konstkanon: August Malmstr\u00f6ms Grindslanten, Gustaf Cederstr\u00f6ms Karl XII:s likf\u00e4rd, Richard Berghs Nordisk sommarkv\u00e4ll, John Bauers Bland tomtar och troll och inte minst Carl Larssons Midvinterblot med Henrik Dorsin som konungaoffer i adamskostym.<\/p>\n<p>Men det \u00e4r den politiskhistoriska minimusikalen Sagan om folkhemmet som l\u00e4mnar starkast avtryck. I en syrligt samh\u00e4llskritisk \u00e5dra v\u00e4rdig <strong>Claes Eriksson<\/strong> och <strong>Tage Danielsson<\/strong> ber\u00e4ttas historien om \u00c5dalen 1931, socialnationalistisk samf\u00f6rst\u00e5ndsanda, <strong>Per-Albin Hansson<\/strong>, socialstyrelsens rekommendationer, miljonprojekt, dansbanor, folkparker och lyckohjul. Ackompanjerat av dov <strong>Soulsaga<\/strong>-doftande folkmystik, socialrealistiska f\u00f6rortsvalser, dalafioler, <strong>Siw Malmkvist<\/strong>-schlagers och det kr\u00e4miga dansbandet <strong>Per Albinz<\/strong>. Fr\u00e5n folkhemsdr\u00f6mmar till visionsl\u00f6shet d\u00e4r humorn v\u00e5gar g\u00f6ra ont i magen.<\/p>\n<p>Det h\u00e4r \u00e4r allts\u00e5 Sverige. \u00c5tminstone bilden av det. Filtrerat genom klassisk revytradition. Studentspex, lyxrevy, buskis och satir. Fniss, sm\u00e5skratt, flabb och flabb med appl\u00e5d. Henrik g\u00e5r fr\u00e5n smakfull <strong>Ernst Rolf<\/strong>-charm\u00f6r till underfundiga Karl Gerhard-kupletter och <strong>Anders Eriksson<\/strong>-doftande bergatroll. Johan personifierar jantelagen, h\u00e4lsar till sl\u00e4ktingarna i Brom\u00f6lla och \u00f6nskar sig en podd. Vanna varvar <strong>Lena Nyman<\/strong>sk fr\u00e4ckhet med en v\u00e4rdighet \u00e0 la <strong>Lissi Alandh<\/strong>, <strong>Birgitta Andersson<\/strong> och <strong>Monica Zetterlund<\/strong>s.<\/p>\n<p>Sverige helt enkelt \u2013 som det har varit, som det blivit och som det kanske aldrig n\u00e5gonsin kommer att bli. P\u00e5 en och samma g\u00e5ng. I revyformat. En bl\u00e5b\u00e4rspaj med rumstempererad vaniljs\u00e5s. Varf\u00f6r jobbade inte Karl X Gustav s\u00e5h\u00e4r?<\/p>\n","protected":false},"excerpt":{"rendered":"Foto: Press \/ Kristian Kr\u00e4n Sn\u00f6n ligger vit p\u00e5 Malm\u00f6s gator och s\u00e5 ska det naturligtvis inte vara.&hellip;\n","protected":false},"author":2,"featured_media":131639,"comment_status":"","ping_status":"","sticky":false,"template":"","format":"standard","meta":{"footnotes":""},"categories":[67],"tags":[104,34,31,33,32,30,105],"class_list":{"0":"post-131638","1":"post","2":"type-post","3":"status-publish","4":"format-standard","5":"has-post-thumbnail","7":"category-underhallning","8":"tag-entertainment","9":"tag-se","10":"tag-svenska","11":"tag-sverige","12":"tag-sweden","13":"tag-swedish","14":"tag-underhallning"},"share_on_mastodon":{"url":"https:\/\/pubeurope.com\/@se\/115871656617663661","error":""},"_links":{"self":[{"href":"https:\/\/www.europesays.com\/se\/wp-json\/wp\/v2\/posts\/131638","targetHints":{"allow":["GET"]}}],"collection":[{"href":"https:\/\/www.europesays.com\/se\/wp-json\/wp\/v2\/posts"}],"about":[{"href":"https:\/\/www.europesays.com\/se\/wp-json\/wp\/v2\/types\/post"}],"author":[{"embeddable":true,"href":"https:\/\/www.europesays.com\/se\/wp-json\/wp\/v2\/users\/2"}],"replies":[{"embeddable":true,"href":"https:\/\/www.europesays.com\/se\/wp-json\/wp\/v2\/comments?post=131638"}],"version-history":[{"count":0,"href":"https:\/\/www.europesays.com\/se\/wp-json\/wp\/v2\/posts\/131638\/revisions"}],"wp:featuredmedia":[{"embeddable":true,"href":"https:\/\/www.europesays.com\/se\/wp-json\/wp\/v2\/media\/131639"}],"wp:attachment":[{"href":"https:\/\/www.europesays.com\/se\/wp-json\/wp\/v2\/media?parent=131638"}],"wp:term":[{"taxonomy":"category","embeddable":true,"href":"https:\/\/www.europesays.com\/se\/wp-json\/wp\/v2\/categories?post=131638"},{"taxonomy":"post_tag","embeddable":true,"href":"https:\/\/www.europesays.com\/se\/wp-json\/wp\/v2\/tags?post=131638"}],"curies":[{"name":"wp","href":"https:\/\/api.w.org\/{rel}","templated":true}]}}