{"id":131642,"date":"2026-01-10T16:07:29","date_gmt":"2026-01-10T16:07:29","guid":{"rendered":"https:\/\/www.europesays.com\/se\/131642\/"},"modified":"2026-01-10T16:07:29","modified_gmt":"2026-01-10T16:07:29","slug":"efter-euforin-forsta-stora-testet-for-guld-och-silver","status":"publish","type":"post","link":"https:\/\/www.europesays.com\/se\/131642\/","title":{"rendered":"Efter euforin \u2013 f\u00f6rsta stora testet f\u00f6r guld och silver"},"content":{"rendered":"<p class=\"\">Ombalanseringen sker n\u00e4r fonder som f\u00f6ljer r\u00e5varuindex justerar sina innehav f\u00f6r att beh\u00e5lla sina m\u00e5lvikter \u2013 och i \u00e5r v\u00e4ntas processen f\u00e5 ett ovanligt stort genomslag efter de kraftiga prisuppg\u00e5ngarna i guld och silver under 2025.<\/p>\n<p class=\"\">Enligt ber\u00e4kningar fr\u00e5n Morgan Stanley, som Financial Times tagit del av, v\u00e4ntas indexfonder s\u00e4lja silver f\u00f6r omkring 6,1 miljarder dollar och guld f\u00f6r cirka 5,6 miljarder dollar under ombalanseringen den 8\u201315 januari, efter fjol\u00e5rets kraftiga prisrally d\u00e4r guld steg \u00f6ver 60 procent och silver rusade mer \u00e4n 160 procent.<\/p>\n<p class=\"\">\u2013 Vissa \u00e5r blir marknadseffekten begr\u00e4nsad, men p\u00e5 grund av de stora prisr\u00f6relserna i flera r\u00e5varor den senaste tiden v\u00e4ntas \u00e5rets ombalansering f\u00e5 st\u00f6rre genomslag, skriver Financial Times.<\/p>\n<p class=\"\">Samtidigt pekar analytiker p\u00e5 att tv\u00e5ngsf\u00f6rs\u00e4ljningarna kan skapa k\u00f6ptillf\u00e4llen f\u00f6r investerare, som i fjol, d\u00e5 f\u00f6rs\u00e4ljningarna m\u00f6ttes av \u00e4nnu st\u00f6rre k\u00f6pintresse och drev priserna upp\u00e5t.<\/p>\n<p>Tv\u00e5ngsk\u00f6p i kakao<\/p>\n<p class=\"\">Ombalanseringen sl\u00e5r dock inte \u00e5t samma h\u00e5ll i alla r\u00e5varor. Kakao har \u00e5ter inkluderats i Bloomberg Commodity Index, vilket v\u00e4ntas tvinga indexfonder till omfattande k\u00f6p \u2013 i kontrast till f\u00f6rs\u00e4ljningarna i guld och silver.<\/p>\n<p class=\"\">\u2013 Det h\u00e4r \u00e4r enormt, s\u00e4ger Kona Haque, analyschef p\u00e5 r\u00e5varuhandlaren ED&amp;F Man.<\/p>\n<p class=\"\">Haque s\u00e4ger att vissa spekulativa fonder kan ha positionerat sig i f\u00f6rv\u00e4g inf\u00f6r ombalanseringen, men bed\u00f6mer \u00e4nd\u00e5 att indexfondernas k\u00f6p kan ge en tydlig positiv priseffekt p\u00e5 kakao.<\/p>\n<p class=\"\">Kakaopriserna f\u00f6ll med n\u00e4ra 50 procent under 2025, efter en rekordartad uppg\u00e5ng under 2023 och 2024 som drevs av utbudsbrist i V\u00e4stafrika, d\u00e4r mer \u00e4n tv\u00e5 tredjedelar av v\u00e4rldens kakaob\u00f6nor produceras.<\/p>\n","protected":false},"excerpt":{"rendered":"Ombalanseringen sker n\u00e4r fonder som f\u00f6ljer r\u00e5varuindex justerar sina innehav f\u00f6r att beh\u00e5lla sina m\u00e5lvikter \u2013 och i&hellip;\n","protected":false},"author":2,"featured_media":131643,"comment_status":"","ping_status":"","sticky":false,"template":"","format":"standard","meta":{"footnotes":""},"categories":[65],"tags":[72,70,71,34,31,33,32,30],"class_list":{"0":"post-131642","1":"post","2":"type-post","3":"status-publish","4":"format-standard","5":"has-post-thumbnail","7":"category-ekonomi","8":"tag-business","9":"tag-economy","10":"tag-ekonomi","11":"tag-se","12":"tag-svenska","13":"tag-sverige","14":"tag-sweden","15":"tag-swedish"},"share_on_mastodon":{"url":"https:\/\/pubeurope.com\/@se\/115871668177961960","error":""},"_links":{"self":[{"href":"https:\/\/www.europesays.com\/se\/wp-json\/wp\/v2\/posts\/131642","targetHints":{"allow":["GET"]}}],"collection":[{"href":"https:\/\/www.europesays.com\/se\/wp-json\/wp\/v2\/posts"}],"about":[{"href":"https:\/\/www.europesays.com\/se\/wp-json\/wp\/v2\/types\/post"}],"author":[{"embeddable":true,"href":"https:\/\/www.europesays.com\/se\/wp-json\/wp\/v2\/users\/2"}],"replies":[{"embeddable":true,"href":"https:\/\/www.europesays.com\/se\/wp-json\/wp\/v2\/comments?post=131642"}],"version-history":[{"count":0,"href":"https:\/\/www.europesays.com\/se\/wp-json\/wp\/v2\/posts\/131642\/revisions"}],"wp:featuredmedia":[{"embeddable":true,"href":"https:\/\/www.europesays.com\/se\/wp-json\/wp\/v2\/media\/131643"}],"wp:attachment":[{"href":"https:\/\/www.europesays.com\/se\/wp-json\/wp\/v2\/media?parent=131642"}],"wp:term":[{"taxonomy":"category","embeddable":true,"href":"https:\/\/www.europesays.com\/se\/wp-json\/wp\/v2\/categories?post=131642"},{"taxonomy":"post_tag","embeddable":true,"href":"https:\/\/www.europesays.com\/se\/wp-json\/wp\/v2\/tags?post=131642"}],"curies":[{"name":"wp","href":"https:\/\/api.w.org\/{rel}","templated":true}]}}