{"id":131646,"date":"2026-01-10T16:13:25","date_gmt":"2026-01-10T16:13:25","guid":{"rendered":"https:\/\/www.europesays.com\/se\/131646\/"},"modified":"2026-01-10T16:13:25","modified_gmt":"2026-01-10T16:13:25","slug":"nu-laddar-josefin-for-kungliga-operan-blekinge-lans-tidning","status":"publish","type":"post","link":"https:\/\/www.europesays.com\/se\/131646\/","title":{"rendered":"Nu laddar Josefin f\u00f6r Kungliga operan \u2013 Blekinge L\u00e4ns Tidning"},"content":{"rendered":"<p><a href=\"https:\/\/www.blt.se\/feature\" class=\"article__kicker txt-ui txt-ui--semi-bold txt-ui-2\" rel=\"nofollow noopener\" target=\"_blank\">Feature<\/a><\/p>\n<p>Josefin Swahn var 13 \u00e5r n\u00e4r hon ville b\u00f6rja experimentera med smink som ett uttrycksmedel f\u00f6r att visa vem hon \u00e4r. Hon var 16 \u00e5r n\u00e4r en \u00e4ldre dam i bussk\u00f6n spottade efter henne.<\/p>\n<p>Tio \u00e5r senare \u00e4r hon snart f\u00e4rdig mask\u00f6r, och till v\u00e5ren \u00e4r hon med och leder ett projekt p\u00e5 Kungliga operan som t\u00e4njer p\u00e5 finkulturens gr\u00e4nser.<\/p>\n<p class=\"article__pubdate txt-ui txt-ui-2\">10 januari 2026 04:00<\/p>\n<p class=\"storytelling-article__image-attribution txt-ui txt-ui-2\">Toppbild: Marcus Palmgren<\/p>\n<p>Vi tr\u00e4ffar Josefin hemma hos mamma och pappa p\u00e5 H\u00e4st\u00f6 n\u00e5gra dagar in p\u00e5 julledigheten. H\u00e4r \u00f6verst i det Villavillekullaliknande huset, som under Josefins barndom \u00e4gdes av hennes farfar, den k\u00e4nde naturfotografen Bj\u00f6rn-Eyvind Swahn, tronar ton\u00e5rsrummet med sp\u00e5r fr\u00e5n Josefins f\u00f6rsta steg in i en stundtals of\u00f6rst\u00e5ende vuxenv\u00e4rld. <\/p>\n<p>Tekniskt fel<\/p>\n<p class=\"message__text txt-ui txt-ui-2\">V\u00e4nligen f\u00f6rs\u00f6k igen senare.<\/p>\n<p>Den h\u00e4r artikeln \u00e4r bara f\u00f6r prenumeranter<\/p>\n<p class=\"txt-body txt-body-1\">Om du redan \u00e4r prenumerant: logga in!<\/p>\n","protected":false},"excerpt":{"rendered":"Feature Josefin Swahn var 13 \u00e5r n\u00e4r hon ville b\u00f6rja experimentera med smink som ett uttrycksmedel f\u00f6r att&hellip;\n","protected":false},"author":2,"featured_media":131647,"comment_status":"","ping_status":"","sticky":false,"template":"","format":"standard","meta":{"footnotes":""},"categories":[67],"tags":[104,34,31,33,32,30,105],"class_list":{"0":"post-131646","1":"post","2":"type-post","3":"status-publish","4":"format-standard","5":"has-post-thumbnail","7":"category-underhallning","8":"tag-entertainment","9":"tag-se","10":"tag-svenska","11":"tag-sverige","12":"tag-sweden","13":"tag-swedish","14":"tag-underhallning"},"share_on_mastodon":{"url":"https:\/\/pubeurope.com\/@se\/115871693893967693","error":""},"_links":{"self":[{"href":"https:\/\/www.europesays.com\/se\/wp-json\/wp\/v2\/posts\/131646","targetHints":{"allow":["GET"]}}],"collection":[{"href":"https:\/\/www.europesays.com\/se\/wp-json\/wp\/v2\/posts"}],"about":[{"href":"https:\/\/www.europesays.com\/se\/wp-json\/wp\/v2\/types\/post"}],"author":[{"embeddable":true,"href":"https:\/\/www.europesays.com\/se\/wp-json\/wp\/v2\/users\/2"}],"replies":[{"embeddable":true,"href":"https:\/\/www.europesays.com\/se\/wp-json\/wp\/v2\/comments?post=131646"}],"version-history":[{"count":0,"href":"https:\/\/www.europesays.com\/se\/wp-json\/wp\/v2\/posts\/131646\/revisions"}],"wp:featuredmedia":[{"embeddable":true,"href":"https:\/\/www.europesays.com\/se\/wp-json\/wp\/v2\/media\/131647"}],"wp:attachment":[{"href":"https:\/\/www.europesays.com\/se\/wp-json\/wp\/v2\/media?parent=131646"}],"wp:term":[{"taxonomy":"category","embeddable":true,"href":"https:\/\/www.europesays.com\/se\/wp-json\/wp\/v2\/categories?post=131646"},{"taxonomy":"post_tag","embeddable":true,"href":"https:\/\/www.europesays.com\/se\/wp-json\/wp\/v2\/tags?post=131646"}],"curies":[{"name":"wp","href":"https:\/\/api.w.org\/{rel}","templated":true}]}}