{"id":131652,"date":"2026-01-10T16:17:09","date_gmt":"2026-01-10T16:17:09","guid":{"rendered":"https:\/\/www.europesays.com\/se\/131652\/"},"modified":"2026-01-10T16:17:09","modified_gmt":"2026-01-10T16:17:09","slug":"sa-far-polisen-fast-gangtopparna","status":"publish","type":"post","link":"https:\/\/www.europesays.com\/se\/131652\/","title":{"rendered":"S\u00e5 f\u00e5r polisen fast g\u00e4ngtopparna"},"content":{"rendered":"<p>Polischefen om nya metoden \u2013 s\u00e5 fick de fast g\u00e4ngtopparna<a data-test-tag=\"internal-link\" href=\"https:\/\/www.aftonbladet.se\/av\/beri-zangana-2\" class=\"hyperion-css-13ns1rr\" rel=\"nofollow noopener\" target=\"\" aria-label=\"Se alla artiklar av Beri Zangana\"><img decoding=\"async\" class=\"image-asset hyperion-css-n6kkq1\" data-test-tag=\"image-asset\" src=\"https:\/\/www.europesays.com\/se\/wp-content\/uploads\/2026\/01\/1768061828_615_630b0789-508e-4426-ac0e-f0a3067c84f6.png\"  alt=\"\"  loading=\"lazy\" fetchpriority=\"auto\" style=\"aspect-ratio:1900 \/ 1900\"\/><\/a><\/p>\n<p class=\"boxtextgrotesk-root_baa6 hyperion-css-7pajle\">Uppdaterad 15.29 | Publicerad 15.26<\/p>\n<p>share-arrowDela<\/p>\n<p>unsaveSpara<\/p>\n<p>expand-left<\/p>\n<p>helsk\u00e4rm<img decoding=\"async\" class=\"image-asset hyperion-css-u06ts1\" data-test-tag=\"image-asset\" src=\"https:\/\/www.europesays.com\/se\/wp-content\/uploads\/2026\/01\/476b4890-74f5-45e1-8b5f-22fb71804b16.jpeg\"  alt=\"Bitr\u00e4dande rikspolischef Stefan Hector.\"  loading=\"eager\" fetchpriority=\"high\" style=\"aspect-ratio:1900 \/ 1241\"\/>Bitr\u00e4dande rikspolischef Stefan Hector. Foto: Fredrik Sandberg\/TT<\/p>\n<p class=\"hyperion-css-1shl3oz\" data-test-tag=\"lead-text\">Ismail Abdo greps i Turkiet och Mikael Tenezos deporterades fr\u00e5n Mexiko. <\/p>\n<p class=\"hyperion-css-1shl3oz\" data-test-tag=\"lead-text\">Polisen har tvingats ta till nya arbetss\u00e4tt f\u00f6r att f\u00e5 fast g\u00e4ngtopparna.<\/p>\n<p class=\"hyperion-css-1shl3oz\" data-test-tag=\"lead-text\">\u2013 Nu sker en kraftsamling, s\u00e4ger Stefan Hector, bitr\u00e4dande rikspolischef.<\/p>\n<ul class=\"hyperion-css-e9gx76\" data-test-tag=\"list\">\n<li class=\"hyperion-css-1d843yr\">Svensk polis har intensifierat sitt internationella samarbete med l\u00e4nder som Turkiet, Irak och Marocko f\u00f6r att gripa svenska g\u00e4ngkriminella utomlands. <\/li>\n<li class=\"hyperion-css-1d843yr\">Bitr\u00e4dande rikspolischef Stefan Hector betonar vikten av diplomatiska f\u00f6rbindelser och informationsutbyte f\u00f6r att framg\u00e5ngsrikt bek\u00e4mpa organiserad brottslighet. <\/li>\n<li class=\"hyperion-css-1d843yr\">Trots framg\u00e5ngar med internationella gripanden, kvarst\u00e5r ett stort problem i Sverige med nyrekryteringar av unga till kriminella n\u00e4tverk, vilket betonas som en samh\u00e4llsutmaning snarare \u00e4n enbart ett polisi\u00e4rt problem.<\/li>\n<\/ul>\n<p>L\u00e4s mer<\/p>\n<p class=\"hyperion-css-1v9qo5x\">Enligt statistik fr\u00e5n Polismyndigheten greps 280 svenskar utomlands under 2025. <\/p>\n<p class=\"hyperion-css-1v9qo5x\"><a data-test-tag=\"internal-link\" href=\"https:\/\/www.aftonbladet.se\/tagg\/stefan-hector\" class=\"hyperion-css-15jkft9\" rel=\"nofollow noopener\" target=\"\" aria-label=\"Stefan Hector\">Stefan Hector<\/a>, bitr\u00e4dande rikspolischef, har under 2025 rest till andra l\u00e4nder f\u00f6r att g\u00f6ra n\u00e5got som han pekar ut som n\u00e4st intill avg\u00f6rande f\u00f6r att n\u00e5 framg\u00e5ngarna: skapa relationer.<\/p>\n<p class=\"hyperion-css-1v9qo5x\">Han s\u00e4ger att man gjort en gemensam kraftsamling mot g\u00e4ngtopparna och andra personer inom organiserad brottslighet.<\/p>\n<p class=\"hyperion-css-1v9qo5x\">\u2013\u00a0Den huvudsakliga delen \u00e4r informationsutbyte med brottsbek\u00e4mpare i de aktuella l\u00e4nderna. Jag vill ocks\u00e5 s\u00e4rskilt lyfta fram v\u00e5ra ambassad\u00f6rer och uts\u00e4nda i framf\u00f6r allt Turkiet, Irak och Marocko som har varit v\u00e4ldigt viktiga f\u00f6r oss, s\u00e4ger Stefan Hector.\u00a0<\/p>\n<p>expand-left<\/p>\n<p>helsk\u00e4rm<img decoding=\"async\" class=\"image-asset hyperion-css-u06ts1\" data-test-tag=\"image-asset\" src=\"https:\/\/www.europesays.com\/se\/wp-content\/uploads\/2026\/01\/259d5ee6-c0b6-41b2-bdc5-cb7eb0a4125d.jpeg\"  alt=\" Mikael Tenezos lyxliv p\u00e5 flykt fr\u00e5n polisen.\"  loading=\"eager\" fetchpriority=\"high\" style=\"aspect-ratio:1522 \/ 876\"\/>Mikael Tenezos lyxliv p\u00e5 flykt fr\u00e5n polisen. Foto: Polisens F\u00f6runders\u00f6kningKan inte utl\u00e4mnas<\/p>\n<p class=\"hyperion-css-1v9qo5x\">I h\u00f6stas deporterades Dalenn\u00e4tverkets ledare Mikael Tenezos fr\u00e5n Mexiko. Han sitter f\u00f6r n\u00e4rvarande h\u00e4ktad i Sverige. <\/p>\n<p class=\"hyperion-css-1v9qo5x\">I Turkiet greps och h\u00e4ktades Ismail Abdo tillsammans med flera andra svenskar. I b\u00e5da fallen hade svensk polis varit involverade och bist\u00e5tt med information. <\/p>\n<p class=\"hyperion-css-1v9qo5x\">Stefan Hector var sj\u00e4lv p\u00e5 plats i Turkiet en tid f\u00f6re gripandet. Svensk polis delade bland annat med sig av information om vilka brott Ismail Abdo misst\u00e4nks f\u00f6r i Sverige. <\/p>\n<p>expand-left<\/p>\n<p>helsk\u00e4rm<img decoding=\"async\" class=\"image-asset hyperion-css-u06ts1\" data-test-tag=\"image-asset\" src=\"https:\/\/www.europesays.com\/se\/wp-content\/uploads\/2026\/01\/6261080d-2f02-449d-b435-036d9a95a8b4.jpeg\"  alt=\"Ismail Abdo.\"  loading=\"eager\" fetchpriority=\"high\" style=\"aspect-ratio:952 \/ 1222\"\/>Ismail Abdo. Foto: Interpol \/ TT Nyhetsbyr\u00e5n<\/p>\n<p class=\"hyperion-css-1v9qo5x\">\u2013\u00a0Vi har f\u00f6rklarat f\u00f6r brottsbek\u00e4mpande myndigheter i Turkiet att det h\u00e4r \u00e4r en person som \u00e4r skadlig f\u00f6r Sverige och sannolikt skadlig f\u00f6r Turkiet. S\u00e5 vi har egentligen bara uppm\u00e4rksammat de brottsbek\u00e4mpande myndigheterna i landet p\u00e5 det h\u00e4r och d\u00e5 har han gripits f\u00f6r brott i Turkiet, s\u00e4ger Stefan Hector. <\/p>\n<p>Informerar Turkiet<\/p>\n<p class=\"hyperion-css-1v9qo5x\">D\u00e4remot, understryker Stefan Hector, var svensk polis inte inblandad i sj\u00e4lva gripandena.\u00a0<\/p>\n<p class=\"hyperion-css-1v9qo5x\">Utredningen leds nu av turkisk polis och d\u00e5 Ismail Abdo \u00e4ven \u00e4r turkisk medborgare kan han inte utl\u00e4mnas till Sverige.<\/p>\n<p>expand-left<\/p>\n<p>helsk\u00e4rm<img decoding=\"async\" class=\"image-asset hyperion-css-u06ts1\" data-test-tag=\"image-asset\" src=\"https:\/\/www.europesays.com\/se\/wp-content\/uploads\/2026\/01\/08ac1fed-37b0-49d0-b1f5-b3ea918149eb.jpeg\"  alt=\"Stefan Hector var sj\u00e4lv p\u00e5 plats i Turkiet en tid f\u00f6re gripandet av Ismail Abdo. \"  loading=\"eager\" fetchpriority=\"high\" style=\"aspect-ratio:1900 \/ 1267\"\/>Stefan Hector var sj\u00e4lv p\u00e5 plats i Turkiet en tid f\u00f6re gripandet av Ismail Abdo. Foto: Ole Berg-Rusten \/ NTB<\/p>\n<p class=\"hyperion-css-1v9qo5x\">\u2013 Vi har helt enkelt hj\u00e4lpt de turkiska utredarna i sitt arbete i enlighet med regelverket om internationellt polissamarbete och uppm\u00e4rksammat och bidragit i deras f\u00f6runders\u00f6kningar, s\u00e4ger Stefan Hector.\u00a0<\/p>\n<p class=\"hyperion-css-1v9qo5x\">Bitr\u00e4dande rikspolischefen beskriver n\u00e5got som kallas f\u00f6r \u201dWhole of government approach\u201d. Att flera instanser, b\u00e5de politiken och myndigheter, g\u00e5r samman i en slags kraftsamling f\u00f6r att komma \u00e5t kriminella utomlands.<\/p>\n<p>FAKTAGripna svenskar utomlands<\/p>\n<p class=\"hyperion-css-jonaf8\">Under 2025 har 280 personer gripits i utlandet p\u00e5 svenska efterlysningar och 143 personer har gripits av svensk polis i Sverige p\u00e5 utl\u00e4ndska efterlysningar.<\/p>\n<p class=\"hyperion-css-jonaf8\">45 av de gripna personerna utomlands anses ha s\u00e4rskilt stor p\u00e5verkan p\u00e5 den svenska l\u00e4gesbilden, flera av dem \u00e4r akt\u00f6rer p\u00e5 ledande positioner inom en organiserade brottsligheten och tidigare varit sv\u00e5ra att komma \u00e5t.<\/p>\n<p class=\"hyperion-css-jonaf8\">De l\u00e4nder som har varit s\u00e4rskilt intressanta (utanf\u00f6r EU) \u00e4r Turkiet, Irak, F\u00f6renade Arabemiraten, Marocko och Serbien.<\/p>\n<p class=\"hyperion-css-jonaf8\">Polisen har identifierat drygt 800 kriminella med kopplingar till Sverige och som bed\u00f6ms bedriva kriminell verksamhet fr\u00e5n utlandet. Det handlar om svenska medborgare eller personer som har en stark anknytning till Sverige. <\/p>\n<p class=\"hyperion-css-jonaf8\">Personerna kopplas vanligtvis till v\u00e5ldsbrott, penningtv\u00e4tt eller bedr\u00e4gerier.<\/p>\n<p class=\"hyperion-css-jonaf8\"><strong>Gripna utomlands (svensk efterlysning)<\/strong><\/p>\n<p class=\"hyperion-css-jonaf8\">2025 (tom november): 280<\/p>\n<p class=\"hyperion-css-jonaf8\">2024: 203<\/p>\n<p class=\"hyperion-css-jonaf8\">2023: 157<\/p>\n<p class=\"hyperion-css-jonaf8\">2022: 136<\/p>\n<p class=\"hyperion-css-jonaf8\">2021: 78<\/p>\n<p class=\"hyperion-css-jonaf8\"><strong>Gripna i Sverige (utl\u00e4ndsk efterlysning):<\/strong><\/p>\n<p class=\"hyperion-css-jonaf8\">2025 (tom november): 143<\/p>\n<p class=\"hyperion-css-jonaf8\">2024: 132<\/p>\n<p class=\"hyperion-css-jonaf8\">2023: 115<\/p>\n<p class=\"hyperion-css-jonaf8\">2022: 130<\/p>\n<p class=\"hyperion-css-jonaf8\">2021: 93<\/p>\n<p class=\"hyperion-css-jonaf8\">K\u00e4lla: Polisen<\/p>\n<p>L\u00e4s mer<\/p>\n<p class=\"hyperion-css-1v9qo5x\">Men det handlar ocks\u00e5 om det f\u00f6r\u00e4ndrade arbetss\u00e4ttet d\u00e4r blickarna riktas utanf\u00f6r Sveriges gr\u00e4nser. Att svensk polis ber\u00e4ttar f\u00f6r sina kollegor utomlands vad de vet om de h\u00e4r individerna.<\/p>\n<p class=\"hyperion-css-1v9qo5x\">\u2013 De kommer att ta med sig v\u00e5ldet dit de \u00e4r, de kommer ta med sig brottsligheten dit de \u00e4r. Det har vi sett n\u00e4r vi har haft mord i b\u00e5de Turkiet, i Irak och p\u00e5 andra st\u00e4llen d\u00e4r svenskbaserade kriminella n\u00e4tverk har tagit med sig v\u00e5ldet, s\u00e4ger Stefan Hector.<\/p>\n<p>expand-left<\/p>\n<p>helsk\u00e4rm<img decoding=\"async\" class=\"image-asset hyperion-css-u06ts1\" data-test-tag=\"image-asset\" src=\"https:\/\/www.europesays.com\/se\/wp-content\/uploads\/2026\/01\/17c97630-450f-42ee-9fc0-fe70e2b44d39.jpeg\"  alt=\"Rawa Majid tros befinna sig i Iran.  \"  loading=\"eager\" fetchpriority=\"high\" style=\"aspect-ratio:419 \/ 454\"\/>Rawa Majid tros befinna sig i Iran.\u201dBefinner sig i Iran\u201d<\/p>\n<p class=\"hyperion-css-1v9qo5x\">Trots flera f\u00f6rs\u00f6k att komma \u00e5t honom s\u00e5 \u00e4r en av Sveriges mest h\u00f6gprioriterade personer, Rawa Majid, ledargestalt i det kriminella Foxtrotn\u00e4tverket, fortfarande p\u00e5 fri fot. <\/p>\n<p class=\"hyperion-css-1v9qo5x\">Han misst\u00e4nks fj\u00e4rrstyra v\u00e5ldsd\u00e5d p\u00e5 distans l\u00e5ngt ifr\u00e5n svenska r\u00e4ttsv\u00e4sendet och myndigheter. <\/p>\n<p class=\"hyperion-css-1v9qo5x\">\u2013 Vi har en hypotes och det \u00e4r att han befinner sig i <a data-test-tag=\"internal-link\" href=\"https:\/\/www.aftonbladet.se\/tagg\/iran\" class=\"hyperion-css-15jkft9\" rel=\"nofollow noopener\" target=\"\" aria-label=\"Iran\">Iran<\/a>. Det \u00e4r inte ett land som vi har ett polisi\u00e4rt samarbete med och d\u00e4rmed \u00e4r v\u00e5r kunskap om hans f\u00f6rehavanden begr\u00e4nsad. V\u00e5rt intryck \u00e4r dock att vi har lyckats f\u00e5 relativt m\u00e5nga nyckelpersoner som han anv\u00e4nder sig av inl\u00e5sta och d\u00e4rmed har vi kunnat begr\u00e4nsa hans inflytande. <\/p>\n<p>\u201dUppgift f\u00f6r m\u00e5nga\u201d<\/p>\n<p class=\"hyperion-css-1v9qo5x\">Men trots flera gripanden som Polismyndigheten kan stoltsera med s\u00e5 sker nyrekrytering av unga kriminella i rekordfart.<\/p>\n<p class=\"hyperion-css-1v9qo5x\">I december blev en 12-\u00e5rig pojke misst\u00e4nkt f\u00f6r en d\u00f6dsskjutning i Malm\u00f6 och d\u00e4rmed den yngsta personen att bli misst\u00e4nkt f\u00f6r en d\u00f6dsskjutning i Sverige. <\/p>\n<p class=\"hyperion-css-1v9qo5x\">\u2013 Det \u00e4r v\u00e5r st\u00f6rsta utmaning. Att f\u00f6rhindra unga m\u00e4nniskor att dra sig in i kriminalitet. Det \u00e4r huvudsakligen inte en polisi\u00e4r uppgift utan en uppgift f\u00f6r v\u00e4ldigt m\u00e5nga. Det kan vara allt fr\u00e5n, f\u00f6r\u00e4ldrar, syskon, n\u00e4ringslivet och f\u00f6reningslivet, s\u00e4ger Stefan Hector.<\/p>\n<p><a href=\"https:\/\/www.aftonbladet.se\/nyheter\/a\/M7Rg70\/mailto:beri.zangana@aftonbladet.se\" rel=\"noopener nofollow noreferrer\" class=\"hyperion-css-1pv3til\" target=\"_blank\"><img decoding=\"async\" class=\"image-asset hyperion-css-n6kkq1\" data-test-tag=\"image-asset\" src=\"https:\/\/www.europesays.com\/se\/wp-content\/uploads\/2026\/01\/754dedc4-c55c-4c93-a70e-bbc97be19452.jpeg\"  alt=\"\"  loading=\"lazy\" fetchpriority=\"auto\" style=\"aspect-ratio:1436 \/ 172\"\/><\/a><\/p>\n","protected":false},"excerpt":{"rendered":"Polischefen om nya metoden \u2013 s\u00e5 fick de fast g\u00e4ngtopparna Uppdaterad 15.29 | Publicerad 15.26 share-arrowDela unsaveSpara expand-left&hellip;\n","protected":false},"author":2,"featured_media":131653,"comment_status":"","ping_status":"","sticky":false,"template":"","format":"standard","meta":{"footnotes":""},"categories":[14],"tags":[22,23,26,27,17,21,24,25,28,29,15,16,18,34,31,33,32,30,19,20,51,52,53,54],"class_list":{"0":"post-131652","1":"post","2":"type-post","3":"status-publish","4":"format-standard","5":"has-post-thumbnail","7":"category-varlden","8":"tag-breaking-news","9":"tag-breakingnews","10":"tag-featured-news","11":"tag-featurednews","12":"tag-headlines","13":"tag-huvudnyheter","14":"tag-latest-news","15":"tag-latestnews","16":"tag-main-news","17":"tag-mainnews","18":"tag-news","19":"tag-nyheter","20":"tag-rubriker","21":"tag-se","22":"tag-svenska","23":"tag-sverige","24":"tag-sweden","25":"tag-swedish","26":"tag-top-stories","27":"tag-topstories","28":"tag-varlden","29":"tag-world","30":"tag-world-news","31":"tag-worldnews"},"share_on_mastodon":{"url":"https:\/\/pubeurope.com\/@se\/115871707655482774","error":""},"_links":{"self":[{"href":"https:\/\/www.europesays.com\/se\/wp-json\/wp\/v2\/posts\/131652","targetHints":{"allow":["GET"]}}],"collection":[{"href":"https:\/\/www.europesays.com\/se\/wp-json\/wp\/v2\/posts"}],"about":[{"href":"https:\/\/www.europesays.com\/se\/wp-json\/wp\/v2\/types\/post"}],"author":[{"embeddable":true,"href":"https:\/\/www.europesays.com\/se\/wp-json\/wp\/v2\/users\/2"}],"replies":[{"embeddable":true,"href":"https:\/\/www.europesays.com\/se\/wp-json\/wp\/v2\/comments?post=131652"}],"version-history":[{"count":0,"href":"https:\/\/www.europesays.com\/se\/wp-json\/wp\/v2\/posts\/131652\/revisions"}],"wp:featuredmedia":[{"embeddable":true,"href":"https:\/\/www.europesays.com\/se\/wp-json\/wp\/v2\/media\/131653"}],"wp:attachment":[{"href":"https:\/\/www.europesays.com\/se\/wp-json\/wp\/v2\/media?parent=131652"}],"wp:term":[{"taxonomy":"category","embeddable":true,"href":"https:\/\/www.europesays.com\/se\/wp-json\/wp\/v2\/categories?post=131652"},{"taxonomy":"post_tag","embeddable":true,"href":"https:\/\/www.europesays.com\/se\/wp-json\/wp\/v2\/tags?post=131652"}],"curies":[{"name":"wp","href":"https:\/\/api.w.org\/{rel}","templated":true}]}}