{"id":131658,"date":"2026-01-10T16:22:53","date_gmt":"2026-01-10T16:22:53","guid":{"rendered":"https:\/\/www.europesays.com\/se\/131658\/"},"modified":"2026-01-10T16:22:53","modified_gmt":"2026-01-10T16:22:53","slug":"nya-white-lotus-spelas-in-pa-lyxhotell-i-frankrike","status":"publish","type":"post","link":"https:\/\/www.europesays.com\/se\/131658\/","title":{"rendered":"Nya \u201dWhite Lotus\u201d spelas in p\u00e5 lyxhotell i Frankrike"},"content":{"rendered":"<p>Ryktena visar sig st\u00e4mma: N\u00e4sta s\u00e4song av \u201dThe White Lotus\u201d spelas in i Frankrike, skriver Variety.<\/p>\n<p>Seriens fj\u00e4rde s\u00e4song kommer till stor del filmas p\u00e5 lyxhotellet Ch\u00e2teau de La Messardi\u00e8re i Saint-Tropez, d\u00e4r en natt kostar minst 27\u202f000 kronor. <\/p>\n<p>Inspelningarna b\u00f6rjar i april och h\u00e5ller p\u00e5 till oktober. Enligt Variety \u00e4r handlingen till den fj\u00e4rde s\u00e4songen fortfarande hemlig, f\u00f6rutom att den \u00e5terigen kommer att cirkulera kring en grupp hotellg\u00e4ster under en veckas p\u00e5kostad semester. N\u00e4r s\u00e4song fyra sl\u00e4pps \u00e4r fortfarande oklart. <\/p>\n<p>Omni \u00e4r politiskt obundna och oberoende. Vi str\u00e4var efter att ge fler perspektiv p\u00e5 nyheterna. Har du fr\u00e5gor eller synpunkter kring v\u00e5r rapportering? <a href=\"https:\/\/omni.se\/nya-white-lotus-spelas-in-pa-lyxhotell-i-frankrike\/a\/mailto:redaktion@omni.se\" class=\"ArticleActions_contactLink__W2F1M\" rel=\"nofollow noopener\" target=\"_blank\">Kontakta redaktionen<\/a><\/p>\n","protected":false},"excerpt":{"rendered":"Ryktena visar sig st\u00e4mma: N\u00e4sta s\u00e4song av \u201dThe White Lotus\u201d spelas in i Frankrike, skriver Variety. Seriens fj\u00e4rde&hellip;\n","protected":false},"author":2,"featured_media":131659,"comment_status":"","ping_status":"","sticky":false,"template":"","format":"standard","meta":{"footnotes":""},"categories":[67],"tags":[104,168,34,31,33,32,30,105],"class_list":{"0":"post-131658","1":"post","2":"type-post","3":"status-publish","4":"format-standard","5":"has-post-thumbnail","7":"category-underhallning","8":"tag-entertainment","9":"tag-film-tv","10":"tag-se","11":"tag-svenska","12":"tag-sverige","13":"tag-sweden","14":"tag-swedish","15":"tag-underhallning"},"share_on_mastodon":{"url":"https:\/\/pubeurope.com\/@se\/115871731222294704","error":""},"_links":{"self":[{"href":"https:\/\/www.europesays.com\/se\/wp-json\/wp\/v2\/posts\/131658","targetHints":{"allow":["GET"]}}],"collection":[{"href":"https:\/\/www.europesays.com\/se\/wp-json\/wp\/v2\/posts"}],"about":[{"href":"https:\/\/www.europesays.com\/se\/wp-json\/wp\/v2\/types\/post"}],"author":[{"embeddable":true,"href":"https:\/\/www.europesays.com\/se\/wp-json\/wp\/v2\/users\/2"}],"replies":[{"embeddable":true,"href":"https:\/\/www.europesays.com\/se\/wp-json\/wp\/v2\/comments?post=131658"}],"version-history":[{"count":0,"href":"https:\/\/www.europesays.com\/se\/wp-json\/wp\/v2\/posts\/131658\/revisions"}],"wp:featuredmedia":[{"embeddable":true,"href":"https:\/\/www.europesays.com\/se\/wp-json\/wp\/v2\/media\/131659"}],"wp:attachment":[{"href":"https:\/\/www.europesays.com\/se\/wp-json\/wp\/v2\/media?parent=131658"}],"wp:term":[{"taxonomy":"category","embeddable":true,"href":"https:\/\/www.europesays.com\/se\/wp-json\/wp\/v2\/categories?post=131658"},{"taxonomy":"post_tag","embeddable":true,"href":"https:\/\/www.europesays.com\/se\/wp-json\/wp\/v2\/tags?post=131658"}],"curies":[{"name":"wp","href":"https:\/\/api.w.org\/{rel}","templated":true}]}}