{"id":131660,"date":"2026-01-10T16:23:07","date_gmt":"2026-01-10T16:23:07","guid":{"rendered":"https:\/\/www.europesays.com\/se\/131660\/"},"modified":"2026-01-10T16:23:07","modified_gmt":"2026-01-10T16:23:07","slug":"nasa-kallar-hem-astronauter-fran-iss-aldrig-hant-forut","status":"publish","type":"post","link":"https:\/\/www.europesays.com\/se\/131660\/","title":{"rendered":"Nasa kallar hem astronauter fr\u00e5n ISS \u2013\u00a0aldrig h\u00e4nt f\u00f6rut"},"content":{"rendered":"<p>Publicerad 10 jan 2026 kl 17.07<\/p>\n<p>Det beskrivs som en \u201dkontrollerad medicinsk evakuering\u201d.<\/p>\n<p>Men fr\u00e5gor kvarst\u00e5r varf\u00f6r Nasa v\u00e4ljer att h\u00e4mta hem fyra astronauter i f\u00f6rtid fr\u00e5n Internationella rymdstationen ISS.<\/p>\n<p>\u2013 Det h\u00e4r beslutet \u00e4r det b\u00e4sta f\u00f6r v\u00e5ra astronauter, s\u00e4ger Nasa-chefen Jared Isaacman.<\/p>\n<p><img   alt=\"\"\/><\/p>\n<p>Zena Cardman, Kimiya Yui, Mike Fincke och Oleg Platonov inf\u00f6r avf\u00e4rd i somras.<\/p>\n<p>Foto: RICARDO RAMIREZ BUXEDA\/TCA\/STELL \/ STELLA PICTURES<\/p>\n<p>\u00d6ppna bild i helsk\u00e4rm<img loading=\"lazy\"   alt=\"\"\/>\u00d6ppna bild i helsk\u00e4rm<\/p>\n<p>I onsdags valde <a href=\"https:\/\/www.expressen.se\/tagg\/organization\/nasa\/\" class=\"\" rel=\"nofollow noopener\" target=\"_blank\">Nasa<\/a> att, med bara en dags varsel, st\u00e4lla in en planerad rymdpromenad vid Internationella rymdstationen ISS. D\u00e4refter kom nyheten att Nasas bes\u00e4ttning p\u00e5 fyra personer skulle tas hem en m\u00e5nad i f\u00f6rtid p\u00e5 grund av \u201dallvarliga medicinska sk\u00e4l\u201d.<\/p>\n<p>\u2013 Det h\u00e4r \u00e4r ingen n\u00f6devakuering, men vi s\u00e4tter alltid astronauternas h\u00e4lsa fr\u00e4mst, f\u00f6rklarade en talesperson hos Nasa, <a href=\"https:\/\/www.bbc.com\/news\/articles\/cd9e2y7nkv8o\" rel=\"nofollow noopener\" target=\"_blank\">enligt BBC<\/a>.<\/p>\n<p>Artikeln i korthet<\/p>\n<p> Nasa kallar hem fyra astronauter fr\u00e5n ISS \u2013 f\u00f6rsta g\u00e5ngen n\u00e5gonsin av medicinska sk\u00e4l.<\/p>\n<p> Beslutet beskrivs som en \u201dkontrollerad medicinsk evakuering\u201d.<\/p>\n<p> Exakt orsak framg\u00e5r inte \u2013 v\u00e4cker fr\u00e5gor.<\/p>\n<p>Visa mer<\/p>\n<p>Nasa-chefen \u2013\u00a0nyligen tilltr\u00e4dde Jared Isaacman \u2013\u00a0s\u00e4ger att han sj\u00e4lv tagit beslutet att l\u00e5ta de fyra astronauterna fr\u00e5n \u201dCrew-11\u201d komma hem till Jorden.<\/p>\n<p>\u2013\u00a0Det h\u00e4r beslutet \u00e4r det b\u00e4sta f\u00f6r v\u00e5ra astronauter, sa han.<\/p>\n<p>Nasas h\u00e4lsochef James Polk sa att det r\u00f6r sig om en drabbad astronaut, och att h\u00e4lsotillst\u00e5ndet nu var \u201dabsolut stabilt\u201d. Men mer vill Nasa inte s\u00e4ga med h\u00e4nvisning till medicinsk integritet.<\/p>\n<p><img loading=\"lazy\"   alt=\"\"\/><\/p>\n<p>ISS som den s\u00e5g ut 2011.<\/p>\n<p>Foto: AP \/ AP TT NYHETSBYR\u00c5N<\/p>\n<p>\u00d6ppna bild i helsk\u00e4rmF\u00f6rsta g\u00e5ngen n\u00e5gon kallas hem fr\u00e5n rymden<\/p>\n<p>Under de 25 \u00e5r ISS varit bemannad i sin omloppsbana runt Jorden har ingen astronaut kallats hem i f\u00f6rtid \u2013\u00a0och faktiskt \u00e4r det f\u00f6rsta g\u00e5ngen under Nasas 65-\u00e5riga utforskande av rymden som en astronaut m\u00e5ste komma hem p\u00e5 grund av medicinska sk\u00e4l.<\/p>\n<p>I ett uttalande som kom sent p\u00e5 fredag amerikansk tid meddelade Nasa, <a href=\"https:\/\/www.nbcnews.com\/science\/space\/nasa-announces-timing-astronauts-early-departure-iss-medical-issue-rcna253261\" rel=\"nofollow noopener\" target=\"_blank\">enligt NBC News<\/a>\u201a att de fyra astronauterna kommer att p\u00e5b\u00f6rja sin hemf\u00e4rd fr\u00e5n ISS tidigast p\u00e5 onsdag n\u00e4sta vecka.<\/p>\n<p>Crew-11 best\u00e5r av amerikanerna Zena Cardman och Mike Fincke, japanska Kimiya Yui och Oleg Platonov fr\u00e5n Ryssland. N\u00e4r de l\u00e4mnar ISS kommer stationen fortfarande ha tre personer kvar.<\/p>\n<p>N\u00e4sta grupp astronauter \u2013\u00a0Crew-12 \u2013\u00a0ska enligt uppgift s\u00e4ndas som tidigare planerat till ISS n\u00e5gon g\u00e5ng i mitten av februari.<\/p>\n","protected":false},"excerpt":{"rendered":"Publicerad 10 jan 2026 kl 17.07 Det beskrivs som en \u201dkontrollerad medicinsk evakuering\u201d. Men fr\u00e5gor kvarst\u00e5r varf\u00f6r Nasa&hellip;\n","protected":false},"author":2,"featured_media":131661,"comment_status":"","ping_status":"","sticky":false,"template":"","format":"standard","meta":{"footnotes":""},"categories":[66],"tags":[13462,13463,2585,80,78,79,34,55,31,33,32,30,81,84,523,83,82],"class_list":{"0":"post-131660","1":"post","2":"type-post","3":"status-publish","4":"format-standard","5":"has-post-thumbnail","7":"category-vetenskap-och-teknik","8":"tag-location-internationella-rymdstationen","9":"tag-location-iss","10":"tag-organization-nasa","11":"tag-science","12":"tag-science-and-technology","13":"tag-scienceandtechnology","14":"tag-se","15":"tag-sections-varlden","16":"tag-svenska","17":"tag-sverige","18":"tag-sweden","19":"tag-swedish","20":"tag-technology","21":"tag-teknik","22":"tag-topic-rymden","23":"tag-vetenskap","24":"tag-vetenskapteknik"},"share_on_mastodon":{"url":"https:\/\/pubeurope.com\/@se\/115871731349590189","error":""},"_links":{"self":[{"href":"https:\/\/www.europesays.com\/se\/wp-json\/wp\/v2\/posts\/131660","targetHints":{"allow":["GET"]}}],"collection":[{"href":"https:\/\/www.europesays.com\/se\/wp-json\/wp\/v2\/posts"}],"about":[{"href":"https:\/\/www.europesays.com\/se\/wp-json\/wp\/v2\/types\/post"}],"author":[{"embeddable":true,"href":"https:\/\/www.europesays.com\/se\/wp-json\/wp\/v2\/users\/2"}],"replies":[{"embeddable":true,"href":"https:\/\/www.europesays.com\/se\/wp-json\/wp\/v2\/comments?post=131660"}],"version-history":[{"count":0,"href":"https:\/\/www.europesays.com\/se\/wp-json\/wp\/v2\/posts\/131660\/revisions"}],"wp:featuredmedia":[{"embeddable":true,"href":"https:\/\/www.europesays.com\/se\/wp-json\/wp\/v2\/media\/131661"}],"wp:attachment":[{"href":"https:\/\/www.europesays.com\/se\/wp-json\/wp\/v2\/media?parent=131660"}],"wp:term":[{"taxonomy":"category","embeddable":true,"href":"https:\/\/www.europesays.com\/se\/wp-json\/wp\/v2\/categories?post=131660"},{"taxonomy":"post_tag","embeddable":true,"href":"https:\/\/www.europesays.com\/se\/wp-json\/wp\/v2\/tags?post=131660"}],"curies":[{"name":"wp","href":"https:\/\/api.w.org\/{rel}","templated":true}]}}