{"id":131666,"date":"2026-01-10T16:27:10","date_gmt":"2026-01-10T16:27:10","guid":{"rendered":"https:\/\/www.europesays.com\/se\/131666\/"},"modified":"2026-01-10T16:27:10","modified_gmt":"2026-01-10T16:27:10","slug":"intern-kritik-i-vita-huset-efter-kristi-noems-utspel","status":"publish","type":"post","link":"https:\/\/www.europesays.com\/se\/131666\/","title":{"rendered":"Intern kritik i Vita huset efter Kristi Noems utspel"},"content":{"rendered":"<p>Trumpadministrationens snabba och h\u00e5rdf\u00f6ra reaktion p\u00e5 skjutningen i Minnesota har v\u00e4ckt kritik \u00e4ven i de egna leden, rapporterar Politico. Kritiken riktas framf\u00f6r\u202fallt mot Kristi Noem, minister f\u00f6r inrikes s\u00e4kerhet, som tidigt beskrev h\u00e4ndelsen som \u201dinhemsk terrorism\u201d. Hon slog ocks\u00e5 fast att skulden l\u00e5g hos den ihj\u00e4lskjutna trebarnsmamman Renee Good.<\/p>\n<p>Enligt Politico pyr missn\u00f6jet b\u00e5de bland Trumpallierade republikaner och bland nuvarande och tidigare tj\u00e4nstem\u00e4n inom migrationspolisen ICE. Oron handlar bland annat om att Noems skarpa uttalande riskerar att undergr\u00e4va f\u00f6rtroendet f\u00f6r utredningen och f\u00f6r ICE.<\/p>\n<p>\u2013 Tycker jag att det \u00e4r inhemsk terrorism? Ja, det tycker jag. Men det kanske inte var s\u00e5 klokt att s\u00e4ga det redan fr\u00e5n b\u00f6rjan p\u00e5 det s\u00e4tt som Noem gjorde, s\u00e4ger en anonym person n\u00e4ra Vita huset.<\/p>\n<p>Politiksajten The Hill har liknande uppgifter. De skriver att republikaner i kongressen \u00e4r skeptiska till hur Noem hanterade situationen.<\/p>\n<p>\u2013 Generellt sett skulle r\u00e4ttsv\u00e4sendet konstatera att ett liv har g\u00e5tt f\u00f6rlorat, att familjer har f\u00f6r\u00e4ndrats f\u00f6r alltid, att skyttens liv kommer att f\u00f6r\u00e4ndras f\u00f6r alltid, att vi samlar in videomaterial och f\u00f6rs\u00f6ker bed\u00f6ma situationen. Det h\u00e4nde inte, s\u00e4ger den republikanska senatorn Thom Tillis.<\/p>\n<p>Omni \u00e4r politiskt obundna och oberoende. Vi str\u00e4var efter att ge fler perspektiv p\u00e5 nyheterna. Har du fr\u00e5gor eller synpunkter kring v\u00e5r rapportering? <a href=\"https:\/\/omni.se\/intern-kritik-i-vita-huset-efter-kristi-noems-utspel\/a\/mailto:redaktion@omni.se\" class=\"ArticleActions_contactLink__W2F1M\" rel=\"nofollow noopener\" target=\"_blank\">Kontakta redaktionen<\/a><\/p>\n","protected":false},"excerpt":{"rendered":"Trumpadministrationens snabba och h\u00e5rdf\u00f6ra reaktion p\u00e5 skjutningen i Minnesota har v\u00e4ckt kritik \u00e4ven i de egna leden, rapporterar&hellip;\n","protected":false},"author":2,"featured_media":131667,"comment_status":"","ping_status":"","sticky":false,"template":"","format":"standard","meta":{"footnotes":""},"categories":[5],"tags":[387,22,23,26,27,17,21,12500,24,25,28,29,15,268,16,18,34,31,33,32,30,19,20,74],"class_list":{"0":"post-131666","1":"post","2":"type-post","3":"status-publish","4":"format-standard","5":"has-post-thumbnail","7":"category-rubriker","8":"tag-amerikansk-politik","9":"tag-breaking-news","10":"tag-breakingnews","11":"tag-featured-news","12":"tag-featurednews","13":"tag-headlines","14":"tag-huvudnyheter","15":"tag-kristi-noem","16":"tag-latest-news","17":"tag-latestnews","18":"tag-main-news","19":"tag-mainnews","20":"tag-news","21":"tag-nordamerika","22":"tag-nyheter","23":"tag-rubriker","24":"tag-se","25":"tag-svenska","26":"tag-sverige","27":"tag-sweden","28":"tag-swedish","29":"tag-top-stories","30":"tag-topstories","31":"tag-usa"},"share_on_mastodon":{"url":"https:\/\/pubeurope.com\/@se\/115871746785900621","error":""},"_links":{"self":[{"href":"https:\/\/www.europesays.com\/se\/wp-json\/wp\/v2\/posts\/131666","targetHints":{"allow":["GET"]}}],"collection":[{"href":"https:\/\/www.europesays.com\/se\/wp-json\/wp\/v2\/posts"}],"about":[{"href":"https:\/\/www.europesays.com\/se\/wp-json\/wp\/v2\/types\/post"}],"author":[{"embeddable":true,"href":"https:\/\/www.europesays.com\/se\/wp-json\/wp\/v2\/users\/2"}],"replies":[{"embeddable":true,"href":"https:\/\/www.europesays.com\/se\/wp-json\/wp\/v2\/comments?post=131666"}],"version-history":[{"count":0,"href":"https:\/\/www.europesays.com\/se\/wp-json\/wp\/v2\/posts\/131666\/revisions"}],"wp:featuredmedia":[{"embeddable":true,"href":"https:\/\/www.europesays.com\/se\/wp-json\/wp\/v2\/media\/131667"}],"wp:attachment":[{"href":"https:\/\/www.europesays.com\/se\/wp-json\/wp\/v2\/media?parent=131666"}],"wp:term":[{"taxonomy":"category","embeddable":true,"href":"https:\/\/www.europesays.com\/se\/wp-json\/wp\/v2\/categories?post=131666"},{"taxonomy":"post_tag","embeddable":true,"href":"https:\/\/www.europesays.com\/se\/wp-json\/wp\/v2\/tags?post=131666"}],"curies":[{"name":"wp","href":"https:\/\/api.w.org\/{rel}","templated":true}]}}