{"id":131674,"date":"2026-01-10T16:32:31","date_gmt":"2026-01-10T16:32:31","guid":{"rendered":"https:\/\/www.europesays.com\/se\/131674\/"},"modified":"2026-01-10T16:32:31","modified_gmt":"2026-01-10T16:32:31","slug":"sveriges-bnp-indikator-okar-mer-an-vantat","status":"publish","type":"post","link":"https:\/\/www.europesays.com\/se\/131674\/","title":{"rendered":"Sveriges BNP-indikator \u00f6kar mer \u00e4n v\u00e4ntat"},"content":{"rendered":"<p class=\"font-sans text-base text-text-main dark:text-text-main-dark font-normal leading-[1.4]\">I m\u00e5nadstakt var tillv\u00e4xten 0,9 procent, vilket var klart h\u00f6gre \u00e4n f\u00f6rv\u00e4ntade 0,2 procent enligt Bloombergs sammanst\u00e4llning av estimat. Det inneb\u00e4r ocks\u00e5 att den svenska ekonomin \u00e5ter visar tillv\u00e4xt.<\/p>\n<p>\u2013 Efter tv\u00e5 svagare m\u00e5nader v\u00e4nde svensk ekonomisk aktivitet upp i november d\u00e4r tillv\u00e4xt i n\u00e4ringslivets tj\u00e4nsten\u00e4ringar v\u00e4gde upp en svagare utveckling bland varuproducenter och offentliga myndigheter, s\u00e4ger Asuman Erenel, nationalekonom p\u00e5 SCB.<\/p>\n<p>P\u00e5 \u00e5rsbasis steg BNP-indikatorn 2,7 procent (+2,1).<\/p>\n<tr class=\"odd:bg-surf-grey dark:odd:bg-surf-grey-dark even:bg-surf-main dark:even:bg-surf-main-dark\">\n<td class=\"p-2 text-start min-h-10 relative max-w-[250px] wrap-break-word border-r border-b border-border dark:border-border-dark last:border-r-0 wrap-break-word\">\n<p>Sverige, %<\/p>\n<\/td>\n<td class=\"p-2 text-start min-h-10 relative max-w-[250px] wrap-break-word border-r border-b border-border dark:border-border-dark last:border-r-0 wrap-break-word\">\n<p>november, 2025<\/p>\n<\/td>\n<td class=\"p-2 text-start min-h-10 relative max-w-[250px] wrap-break-word border-r border-b border-border dark:border-border-dark last:border-r-0 wrap-break-word\">\n<p>Konsensus<\/p>\n<\/td>\n<td class=\"p-2 text-start min-h-10 relative max-w-[250px] wrap-break-word border-r border-b border-border dark:border-border-dark last:border-r-0 wrap-break-word\">\n<p>oktober, 2025<\/p>\n<\/td>\n<\/tr>\n<tr class=\"odd:bg-surf-grey dark:odd:bg-surf-grey-dark even:bg-surf-main dark:even:bg-surf-main-dark\">\n<td class=\"p-2 text-start min-h-10 relative max-w-[250px] wrap-break-word border-r border-b border-border dark:border-border-dark last:border-r-0 wrap-break-word\">\n<p>BNP-indikator, MM<\/p>\n<\/td>\n<td class=\"p-2 text-start min-h-10 relative max-w-[250px] wrap-break-word border-r border-b border-border dark:border-border-dark last:border-r-0 wrap-break-word\">\n<p>0,9<\/p>\n<\/td>\n<td class=\"p-2 text-start min-h-10 relative max-w-[250px] wrap-break-word border-r border-b border-border dark:border-border-dark last:border-r-0 wrap-break-word\">\n<p>0,2<\/p>\n<\/td>\n<td class=\"p-2 text-start min-h-10 relative max-w-[250px] wrap-break-word border-r border-b border-border dark:border-border-dark last:border-r-0 wrap-break-word\">\n<p>-0,3<\/p>\n<\/td>\n<\/tr>\n<tr class=\"odd:bg-surf-grey dark:odd:bg-surf-grey-dark even:bg-surf-main dark:even:bg-surf-main-dark\">\n<td class=\"p-2 text-start min-h-10 relative max-w-[250px] wrap-break-word border-r border-b border-border dark:border-border-dark last:border-r-0 wrap-break-word\">\n<p>BNP-indikator, YY<\/p>\n<\/td>\n<td class=\"p-2 text-start min-h-10 relative max-w-[250px] wrap-break-word border-r border-b border-border dark:border-border-dark last:border-r-0 wrap-break-word\">\n<p>2,7<\/p>\n<\/td>\n<td class=\"p-2 text-start min-h-10 relative max-w-[250px] wrap-break-word border-r border-b border-border dark:border-border-dark last:border-r-0 wrap-break-word\"\/>\n<td class=\"p-2 text-start min-h-10 relative max-w-[250px] wrap-break-word border-r border-b border-border dark:border-border-dark last:border-r-0 wrap-break-word\">\n<p>2,1<\/p>\n<\/td>\n<\/tr>\n","protected":false},"excerpt":{"rendered":"I m\u00e5nadstakt var tillv\u00e4xten 0,9 procent, vilket var klart h\u00f6gre \u00e4n f\u00f6rv\u00e4ntade 0,2 procent enligt Bloombergs sammanst\u00e4llning av&hellip;\n","protected":false},"author":2,"featured_media":131675,"comment_status":"","ping_status":"","sticky":false,"template":"","format":"standard","meta":{"footnotes":""},"categories":[65],"tags":[302,72,70,71,34,31,33,32,30],"class_list":{"0":"post-131674","1":"post","2":"type-post","3":"status-publish","4":"format-standard","5":"has-post-thumbnail","7":"category-ekonomi","8":"tag-bnp","9":"tag-business","10":"tag-economy","11":"tag-ekonomi","12":"tag-se","13":"tag-svenska","14":"tag-sverige","15":"tag-sweden","16":"tag-swedish"},"share_on_mastodon":{"url":"https:\/\/pubeurope.com\/@se\/115871766469063051","error":""},"_links":{"self":[{"href":"https:\/\/www.europesays.com\/se\/wp-json\/wp\/v2\/posts\/131674","targetHints":{"allow":["GET"]}}],"collection":[{"href":"https:\/\/www.europesays.com\/se\/wp-json\/wp\/v2\/posts"}],"about":[{"href":"https:\/\/www.europesays.com\/se\/wp-json\/wp\/v2\/types\/post"}],"author":[{"embeddable":true,"href":"https:\/\/www.europesays.com\/se\/wp-json\/wp\/v2\/users\/2"}],"replies":[{"embeddable":true,"href":"https:\/\/www.europesays.com\/se\/wp-json\/wp\/v2\/comments?post=131674"}],"version-history":[{"count":0,"href":"https:\/\/www.europesays.com\/se\/wp-json\/wp\/v2\/posts\/131674\/revisions"}],"wp:featuredmedia":[{"embeddable":true,"href":"https:\/\/www.europesays.com\/se\/wp-json\/wp\/v2\/media\/131675"}],"wp:attachment":[{"href":"https:\/\/www.europesays.com\/se\/wp-json\/wp\/v2\/media?parent=131674"}],"wp:term":[{"taxonomy":"category","embeddable":true,"href":"https:\/\/www.europesays.com\/se\/wp-json\/wp\/v2\/categories?post=131674"},{"taxonomy":"post_tag","embeddable":true,"href":"https:\/\/www.europesays.com\/se\/wp-json\/wp\/v2\/tags?post=131674"}],"curies":[{"name":"wp","href":"https:\/\/api.w.org\/{rel}","templated":true}]}}