{"id":131687,"date":"2026-01-10T16:46:13","date_gmt":"2026-01-10T16:46:13","guid":{"rendered":"https:\/\/www.europesays.com\/se\/131687\/"},"modified":"2026-01-10T16:46:13","modified_gmt":"2026-01-10T16:46:13","slug":"en-juldrom-for-sverige-i-tiden","status":"publish","type":"post","link":"https:\/\/www.europesays.com\/se\/131687\/","title":{"rendered":"En juldr\u00f6m f\u00f6r Sverige i tiden"},"content":{"rendered":"<p>            <a href=\"https:\/\/fempers.se\/sektion\/nyheter\/\" class=\"article__breadcrumb-link article__breadcrumb-link--magenta\" rel=\"nofollow noopener\" target=\"_blank\">Nyheter<\/a><\/p>\n<p>\n            Publicerad 19 minuter sedan\n        <\/p>\n<p class=\"article__sublead\">FEMPERSPODDEN: F\u00f6r vem firas julen? F\u00f6r alla barn? F\u00f6r vissa barn, kristna, inhemska, rika eller sn\u00e4lla barn? Eller \u00e4r det mest en k\u00f6pfest d\u00e4r b\u00e5de varor, barn, relationer och traditioner \u00e4r utbytbara? Filmaren och f\u00f6rfattaren Arazo Arif adresserar samtliga fr\u00e5gor i den f\u00f6rsta svenska julfilmen ur ett migrantperspektiv \u2013 En juldr\u00f6m \u2013 som hade premi\u00e4r i SVT 23 december.<\/p>\n<p class=\"article__paragraph\">I veckans podd m\u00f6ter vi f\u00f6rfattaren och filmaren <strong>Arazo Arif<\/strong> som \u00e4r aktuell med nya kortfilmen En juldr\u00f6m som hade premi\u00e4r i SVT under julen. Filmen handlar den kurdiska, muslimska flickan Zhala som dr\u00f6mmer om en traditionell jul och brottas med k\u00e4nslorna det v\u00e4cker hos b\u00e5de henne sj\u00e4lv, hennes pappa och b\u00e4sta kompisen Rehanna.<\/p>\n<p class=\"article__paragraph\">Tillsammans med f\u00f6rfattaren <strong>Bilan Osman<\/strong> vrider och v\u00e4nder vi p\u00e5 julen, traditioner, innan- och utanf\u00f6rskap, konsumism och m\u00e5sten, gran, gris och otillr\u00e4cklighet, k\u00e4rlek, v\u00e4lvilja och reaktionerna filmen v\u00e4ckt.<\/p>\n<p class=\"article__paragraph\">\u2014 Jag hoppas att filmen ska bli en julklassiker, s\u00e4ger Arazo Arif om En juldr\u00f6m som beskrivits som den f\u00f6rsta svenska julfilmen ur ett migrantperspektiv.<\/p>\n<p class=\"article__paragraph\">Filmen ligger p\u00e5 <a href=\"https:\/\/www.svtplay.se\/video\/eXY563A\/en-juldrom\" rel=\"nofollow noopener\" target=\"_blank\">SVT Play<\/a>, som minst till 2027, och du h\u00f6r hela samtalet h\u00e4r, men du kan ocks\u00e5 <a href=\"https:\/\/fempers.se\/play\/\" rel=\"nofollow noopener\" target=\"_blank\">se samtalet h\u00e4r.<\/a><\/p>\n","protected":false},"excerpt":{"rendered":"Nyheter Publicerad 19 minuter sedan FEMPERSPODDEN: F\u00f6r vem firas julen? F\u00f6r alla barn? F\u00f6r vissa barn, kristna, inhemska,&hellip;\n","protected":false},"author":2,"featured_media":131688,"comment_status":"","ping_status":"","sticky":false,"template":"","format":"standard","meta":{"footnotes":""},"categories":[67],"tags":[1640,104,11883,3688,369,34,31,33,32,30,105],"class_list":{"0":"post-131687","1":"post","2":"type-post","3":"status-publish","4":"format-standard","5":"has-post-thumbnail","7":"category-underhallning","8":"tag-demokrati","9":"tag-entertainment","10":"tag-feminism","11":"tag-manskliga-rattigheter","12":"tag-politik","13":"tag-se","14":"tag-svenska","15":"tag-sverige","16":"tag-sweden","17":"tag-swedish","18":"tag-underhallning"},"share_on_mastodon":{"url":"https:\/\/pubeurope.com\/@se\/115871821504471719","error":""},"_links":{"self":[{"href":"https:\/\/www.europesays.com\/se\/wp-json\/wp\/v2\/posts\/131687","targetHints":{"allow":["GET"]}}],"collection":[{"href":"https:\/\/www.europesays.com\/se\/wp-json\/wp\/v2\/posts"}],"about":[{"href":"https:\/\/www.europesays.com\/se\/wp-json\/wp\/v2\/types\/post"}],"author":[{"embeddable":true,"href":"https:\/\/www.europesays.com\/se\/wp-json\/wp\/v2\/users\/2"}],"replies":[{"embeddable":true,"href":"https:\/\/www.europesays.com\/se\/wp-json\/wp\/v2\/comments?post=131687"}],"version-history":[{"count":0,"href":"https:\/\/www.europesays.com\/se\/wp-json\/wp\/v2\/posts\/131687\/revisions"}],"wp:featuredmedia":[{"embeddable":true,"href":"https:\/\/www.europesays.com\/se\/wp-json\/wp\/v2\/media\/131688"}],"wp:attachment":[{"href":"https:\/\/www.europesays.com\/se\/wp-json\/wp\/v2\/media?parent=131687"}],"wp:term":[{"taxonomy":"category","embeddable":true,"href":"https:\/\/www.europesays.com\/se\/wp-json\/wp\/v2\/categories?post=131687"},{"taxonomy":"post_tag","embeddable":true,"href":"https:\/\/www.europesays.com\/se\/wp-json\/wp\/v2\/tags?post=131687"}],"curies":[{"name":"wp","href":"https:\/\/api.w.org\/{rel}","templated":true}]}}