{"id":131692,"date":"2026-01-10T16:59:29","date_gmt":"2026-01-10T16:59:29","guid":{"rendered":"https:\/\/www.europesays.com\/se\/131692\/"},"modified":"2026-01-10T16:59:29","modified_gmt":"2026-01-10T16:59:29","slug":"sag-det-inte-komma-allehanda-se","status":"publish","type":"post","link":"https:\/\/www.europesays.com\/se\/131692\/","title":{"rendered":"\u201dS\u00e5g det inte komma\u201d &#8211; Allehanda.se"},"content":{"rendered":"<ol>\n<li><a href=\"https:\/\/news.google.com\/rss\/articles\/CBMiYkFVX3lxTFBNVWtIOXZkQmZlemRwT1I2bUN3NFhseEhfdnVWNmNVU2trN1dhNTIwUnJMY0hsbExkU0dfZVEtVmpJblNlQ0JGbDRuNVJzblFleWNnOGdjdFcyZDJJVzhaNFV3?oc=5\" target=\"_blank\" rel=\"nofollow noopener\">\u201dS\u00e5g det inte komma\u201d<\/a>&nbsp;&nbsp;Allehanda.se<\/li>\n<li><a href=\"https:\/\/news.google.com\/rss\/articles\/CBMilwFBVV95cUxPamNLdV85TFF6TzdXd3FzZHZ4TXNYaXFabGhXTF9pb29FRnBPQ3Z6SXAwZENLdjZtVU9Ndk9lWTgyMTNHWTQtdUxuUmdwRzEyNGNncHl0bzZraW1vTUduZl9WRV9ZTWdob2dRQVlVLXNCRkstTkhzUUFLMUc4QnlpakF1azEwWUlCdkNYY2ZhR2ZrYkZIcjlr?oc=5\" target=\"_blank\" rel=\"nofollow noopener\">Guldhj\u00e4ltarna hemma igen: \u201dNjutit av varje sekund\u201d<\/a>&nbsp;&nbsp;SVT Nyheter<\/li>\n<li><a href=\"https:\/\/news.google.com\/rss\/articles\/CBMiqAFBVV95cUxQOEZ6dmZkMi1FQkk1dUdLLVhPclZCMHh6OHlXUDNHc1FuTnl3X2pyd0hOdTkzSUtMZjBNVTdkMG5mekhxMDZvbzA2NUlndm8yeFV1LTc1SFV0XzJzcU1FY24ybjM5WFdpaXlmRlptaE9vVFJOQzZEQnBQOWtQT0NaU3F1NkxlY1lGQkJ3SkF6cGxKM3ZlM19HRzNkMWxzMjZFNVBhRHJvRDI?oc=5\" target=\"_blank\" rel=\"nofollow noopener\">&#8221;M\u00e5r v\u00e4l inte asbra just nu&#8221; \u2013 fick fira succ\u00e9n lite extra<\/a>&nbsp;&nbsp;UNT<\/li>\n<li><a href=\"https:\/\/news.google.com\/rss\/articles\/CBMikAFBVV95cUxQWTdSZVNjYUxzaHJNUzhkNkRseU5iWFhmV05pNDdzV3l6NmRCa2FzdnEzY0Y2cGJBejllZ1IzVmlmaWR4cjNhcE1VVDgzUFQ5ZkhqZmM1enQwQzBLUWo3WkpvVW16NDdmeTVoMGdwZ01zdWNWMVM0cHdtamJ1aFlRNXc2ZTk4LW95eEY0UEVwckU?oc=5\" target=\"_blank\" rel=\"nofollow noopener\">Johanssons tuffa hemf\u00e4rd efter JVM-guldet: \u201d30 timmars resa\u201d<\/a>&nbsp;&nbsp;Sveriges Radio<\/li>\n<li><a href=\"https:\/\/news.google.com\/rss\/articles\/CBMijgFBVV95cUxPWkZpb195Y2FIdHlfVFhCTFdMQjVDRUl5Ym9uaW1waVlxa3NyNXZLd1lseE10bUoyelhQOE5KZDRMa3psVDE2VG8tSXg4WmRvNHE3UGZKN09mQjByVElnQncwR1FfSXp0UXM0NkRUTGhIei1PbkoxYWVpUFNPREVhSmZzR1JTZFd0RDh2aS13?oc=5\" target=\"_blank\" rel=\"nofollow noopener\">Laggad Leo \u00e4r tillbaka: \u201dRedan sugen p\u00e5 att g\u00e5 f\u00f6r n\u00e4sta guld\u201d<\/a>&nbsp;&nbsp;Sm\u00e5landsposten<\/li>\n<\/ol>\n","protected":false},"excerpt":{"rendered":"\u201dS\u00e5g det inte komma\u201d&nbsp;&nbsp;Allehanda.se Guldhj\u00e4ltarna hemma igen: \u201dNjutit av varje sekund\u201d&nbsp;&nbsp;SVT Nyheter &#8221;M\u00e5r v\u00e4l inte asbra just nu&#8221;&hellip;\n","protected":false},"author":2,"featured_media":131693,"comment_status":"","ping_status":"","sticky":false,"template":"","format":"standard","meta":{"footnotes":""},"categories":[5],"tags":[22,23,26,27,17,21,24,25,28,29,15,16,18,34,31,33,32,30,19,20],"class_list":{"0":"post-131692","1":"post","2":"type-post","3":"status-publish","4":"format-standard","5":"has-post-thumbnail","7":"category-rubriker","8":"tag-breaking-news","9":"tag-breakingnews","10":"tag-featured-news","11":"tag-featurednews","12":"tag-headlines","13":"tag-huvudnyheter","14":"tag-latest-news","15":"tag-latestnews","16":"tag-main-news","17":"tag-mainnews","18":"tag-news","19":"tag-nyheter","20":"tag-rubriker","21":"tag-se","22":"tag-svenska","23":"tag-sverige","24":"tag-sweden","25":"tag-swedish","26":"tag-top-stories","27":"tag-topstories"},"share_on_mastodon":{"url":"https:\/\/pubeurope.com\/@se\/115871872859161663","error":""},"_links":{"self":[{"href":"https:\/\/www.europesays.com\/se\/wp-json\/wp\/v2\/posts\/131692","targetHints":{"allow":["GET"]}}],"collection":[{"href":"https:\/\/www.europesays.com\/se\/wp-json\/wp\/v2\/posts"}],"about":[{"href":"https:\/\/www.europesays.com\/se\/wp-json\/wp\/v2\/types\/post"}],"author":[{"embeddable":true,"href":"https:\/\/www.europesays.com\/se\/wp-json\/wp\/v2\/users\/2"}],"replies":[{"embeddable":true,"href":"https:\/\/www.europesays.com\/se\/wp-json\/wp\/v2\/comments?post=131692"}],"version-history":[{"count":0,"href":"https:\/\/www.europesays.com\/se\/wp-json\/wp\/v2\/posts\/131692\/revisions"}],"wp:featuredmedia":[{"embeddable":true,"href":"https:\/\/www.europesays.com\/se\/wp-json\/wp\/v2\/media\/131693"}],"wp:attachment":[{"href":"https:\/\/www.europesays.com\/se\/wp-json\/wp\/v2\/media?parent=131692"}],"wp:term":[{"taxonomy":"category","embeddable":true,"href":"https:\/\/www.europesays.com\/se\/wp-json\/wp\/v2\/categories?post=131692"},{"taxonomy":"post_tag","embeddable":true,"href":"https:\/\/www.europesays.com\/se\/wp-json\/wp\/v2\/tags?post=131692"}],"curies":[{"name":"wp","href":"https:\/\/api.w.org\/{rel}","templated":true}]}}