{"id":131698,"date":"2026-01-10T17:07:29","date_gmt":"2026-01-10T17:07:29","guid":{"rendered":"https:\/\/www.europesays.com\/se\/131698\/"},"modified":"2026-01-10T17:07:29","modified_gmt":"2026-01-10T17:07:29","slug":"hanna-i-uddevalla-forsvunnen-soker-med-gravmaskin","status":"publish","type":"post","link":"https:\/\/www.europesays.com\/se\/131698\/","title":{"rendered":"Hanna i Uddevalla f\u00f6rsvunnen \u2013 s\u00f6ker med gr\u00e4vmaskin"},"content":{"rendered":"<p>Publicerad 10 jan 2026 kl 13.35Uppdaterad kl 17.50<\/p>\n<p>Den intensiva s\u00f6kinsatsen efter 18-\u00e5riga Hanna i Uddevalla fortsatte under l\u00f6rdagen. \u00a0<\/p>\n<p>Den stora m\u00e4ngden sn\u00f6 f\u00f6rsv\u00e5rar arbetet.<\/p>\n<p>\u2013 Det \u00e4r v\u00e4ldigt djup sn\u00f6 och sv\u00e5ra f\u00f6rh\u00e5llanden, s\u00e4ger kommenderingschef Martin \u00d6hman.<\/p>\n<p>Vid 17-tiden besl\u00f6t polisen att trappa ner f\u00f6r kv\u00e4llen och natten.<\/p>\n<p>D\u00e5 hade inga nya fynd gjorts. \u00a0<\/p>\n<p><img loading=\"lazy\"   alt=\"\"\/><\/p>\n<p>S\u00f6kinsatsen i Uddevalla forts\u00e4tter.<\/p>\n<p>Foto: UB FOTO<\/p>\n<p>\u00d6ppna bild i helsk\u00e4rm<img loading=\"lazy\"   alt=\"\"\/><\/p>\n<p>Hanna, 18, \u00e4r f\u00f6rsvunnen.<\/p>\n<p>Foto: Polisen<\/p>\n<p>\u00d6ppna bild i helsk\u00e4rm<img loading=\"lazy\"   alt=\"\"\/><\/p>\n<p>F\u00f6rsvaret deltar i s\u00f6kinsatsen.<\/p>\n<p>Foto: UB FOTO<\/p>\n<p>\u00d6ppna bild i helsk\u00e4rm<img loading=\"lazy\"   alt=\"\"\/><\/p>\n<p>S\u00f6kinsatsen i Uddevalla forts\u00e4tter.<\/p>\n<p>Foto: Bj\u00f6rn Larsson Rosvall\/TT \/ TT NYHETSBYR\u00c5N<\/p>\n<p>\u00d6ppna bild i helsk\u00e4rm<\/p>\n<p>S\u00f6kandet efter 18-\u00e5riga Hanna, som varit f\u00f6rsvunnen sedan den 6 januari, forts\u00e4tter med full styrka p\u00e5 l\u00f6rdagen.<\/p>\n<p>\u2013 Vi jobbar p\u00e5 som tidigare, b\u00e5de med s\u00f6kinsatsen p\u00e5 plats och sen med utredningssp\u00e5ret. Men det har inte framkommit n\u00e5gonting nytt som har \u00e4ndrat n\u00e5gonting nu, tyv\u00e4rr, s\u00e4ger Martin \u00d6hman.<\/p>\n<p><img loading=\"lazy\"   alt=\"\"\/><\/p>\n<p>Sn\u00f6n f\u00f6rsv\u00e5rar arbetet och b\u00e5de spadar och gr\u00e4vmaskin har anv\u00e4nts.<\/p>\n<p>Foto: UB FOTO<\/p>\n<p>\u00d6ppna bild i helsk\u00e4rm<img loading=\"lazy\"   alt=\"\"\/><\/p>\n<p>Missing people deltar i s\u00f6kandet i Uddevalla.<\/p>\n<p>Foto: Bj\u00f6rn Larsson Rosvall\/TT \/ TT NYHETSBYR\u00c5N<\/p>\n<p>\u00d6ppna bild i helsk\u00e4rm<\/p>\n<p>Polisen har s\u00f6kt med hj\u00e4lp av dr\u00f6nare och hundar, F\u00f6rsvarsmakten och frivilligorganisationer som Missing People hj\u00e4lper i s\u00f6karbetet \u2013 som f\u00f6rsv\u00e5ras av v\u00e4dret.\u00a0<\/p>\n<p>\u2013 Det var ju tyv\u00e4rr en sn\u00f6storm i b\u00f6rjan av den h\u00e4r insatsen som har f\u00f6rsv\u00e5rat i v\u00e5rat arbete n\u00e5got oerh\u00f6rt, s\u00e4ger Martin \u00d6hman.<\/p>\n<p>En gr\u00e4vmaskin har ocks\u00e5 tagits in i kampen mot sn\u00f6n.\u00a0<\/p>\n<p>\u2013 Vi hade n\u00e5gra diken h\u00e4r som vi beh\u00f6vde t\u00f6mma p\u00e5 sn\u00f6 och lite annat s\u00e5 vi skulle kunna s\u00e4kerst\u00e4lla att vi inte hade missat n\u00e5t. Vi har \u00e4ven handskottat en v\u00e4ldigt stor del av skogen h\u00e4r uppe. Det har varit ett digert arbete f\u00f6r dem som har varit och jobbat, s\u00e4ger Martin \u00d6hman.<\/p>\n<p>S\u00f6ker brett<\/p>\n<p>18-\u00e5riga Hanna har varit f\u00f6rsvunnen sedan den 6 januari, d\u00e5 hon senast s\u00e5gs i centrala <a href=\"https:\/\/www.expressen.se\/tagg\/location\/uddevalla\/\" class=\"\" rel=\"nofollow noopener\" target=\"_blank\">Uddevalla<\/a>. P\u00e5 onsdagen inledde polisen en massiv s\u00f6kinsats efter att allm\u00e4nheten hittat kl\u00e4der i ett skogsomr\u00e5de s\u00f6der om Uddevalla.\u00a0<\/p>\n<p>Polisen s\u00f6ker, f\u00f6rutom i skogsomr\u00e5det, \u00e4ven p\u00e5 andra platser i Sverige.\u00a0<\/p>\n<p>\u2013 Vi f\u00f6rs\u00f6ker att s\u00f6ka p\u00e5 platser och vi s\u00f6ker personer som vi tror p\u00e5 n\u00e5got vis skulle kunna bringa klarhet i var hon \u00e4r n\u00e5gonstans, om det nu skulle vara s\u00e5 att hon inte \u00e4r i det h\u00e4r omr\u00e5det. Vi f\u00f6ljer upp olika tips och drar i alla tr\u00e5dar vi kan.<\/p>\n<p><img loading=\"lazy\"   alt=\"\"\/><\/p>\n<p>P\u00e5 fredagen startade polisen en mordutredning.<\/p>\n<p>Foto: Bj\u00f6rn Larsson Rosvall\/TT \/ TT NYHETSBYR\u00c5N<\/p>\n<p>\u00d6ppna bild i helsk\u00e4rm<\/p>\n<p>P\u00e5 fredagen startade polisen en mordutredning f\u00f6r att kunna f\u00e5 fler befogenheter i s\u00f6kinsatsen. Men ingenting tyder p\u00e5 att n\u00e5got brottsligt ligger bakom Hannas f\u00f6rsvinnande, po\u00e4ngterar polisen.\u00a0<\/p>\n<p>\u2013 Vi har genomf\u00f6rt en brottsplatsunders\u00f6kning, s\u00e4krat sp\u00e5r och f\u00f6rh\u00f6rt personer, men det har inte framkommit n\u00e5gonting som gjort att v\u00e5r bed\u00f6mning om det har \u00e4ndrats, s\u00e4ger \u00d6hman.<\/p>\n<p>Trappar ner f\u00f6r kv\u00e4llen<\/p>\n<p>Vid 17-tiden p\u00e5 l\u00f6rdagen fattade polisen beslut om att tappa ner s\u00f6kinsatsen under kv\u00e4llen och natten. D\u00e5 hade man inte gjort n\u00e5gra nya fynd, enligt polisens presstalesperson Thomas Fuxborg.\u00a0<\/p>\n<p>\u2013 Vi trappar ner under kv\u00e4llen och natten och \u00e5terupptar insatsen i morgon igen.<\/p>\n<p><strong>Hur stort omr\u00e5de har ni s\u00f6kt igenom?\u00a0<\/strong><\/p>\n<p>\u2013 Det \u00e4r ett stort skogsomr\u00e5de. Hur m\u00e5nga kvadratmeter det \u00e4r som s\u00f6kts igenom ska jag l\u00e5ta vara osagt. Jag har inte den siffran, s\u00e4ger Thomas Fuxborg. \u00a0\u00a0<\/p>\n<p>Hanna s\u00e5gs senast i centrala Uddevalla den 6 januari. Vid f\u00f6rsvinnandet hade Hanna, som \u00e4r 166 centimeter l\u00e5ng, p\u00e5 sig jeans om en brun tr\u00f6ja. Om man har upplysningar eller tips ska man kontakta polisen p\u00e5 114 14. \u00c4r l\u00e4get akut ska man ringa 112. \u00a0<\/p>\n<p><strong>L\u00c4S MER: <\/strong><a href=\"https:\/\/www.expressen.se\/nyheter\/sverige\/polisen-inleder-mordutredning-efter-att-hanna-18-forsvunnit-i-uddevalla-\/\" class=\"\" rel=\"nofollow noopener\" target=\"_blank\">Polisen utreder mord efter att Hanna, 18, f\u00f6rsvunnit i Uddevalla<\/a><\/p>\n","protected":false},"excerpt":{"rendered":"Publicerad 10 jan 2026 kl 13.35Uppdaterad kl 17.50 Den intensiva s\u00f6kinsatsen efter 18-\u00e5riga Hanna i Uddevalla fortsatte under&hellip;\n","protected":false},"author":2,"featured_media":131699,"comment_status":"","ping_status":"","sticky":false,"template":"","format":"standard","meta":{"footnotes":""},"categories":[5],"tags":[22,23,26,27,17,21,24,25,2294,28,29,15,16,48,1568,400,18,34,154,31,33,32,30,19,3585,710,20],"class_list":{"0":"post-131698","1":"post","2":"type-post","3":"status-publish","4":"format-standard","5":"has-post-thumbnail","7":"category-rubriker","8":"tag-breaking-news","9":"tag-breakingnews","10":"tag-featured-news","11":"tag-featurednews","12":"tag-headlines","13":"tag-huvudnyheter","14":"tag-latest-news","15":"tag-latestnews","16":"tag-location-uddevalla","17":"tag-main-news","18":"tag-mainnews","19":"tag-news","20":"tag-nyheter","21":"tag-organization-forsvarsmakten","22":"tag-organization-missing-people","23":"tag-organization-polisen","24":"tag-rubriker","25":"tag-se","26":"tag-sections-sverige","27":"tag-svenska","28":"tag-sverige","29":"tag-sweden","30":"tag-swedish","31":"tag-top-stories","32":"tag-topic-forsvunna-personer","33":"tag-topic-raddningstjanst-raddningsinsats","34":"tag-topstories"},"share_on_mastodon":{"url":"https:\/\/pubeurope.com\/@se\/115871904094306555","error":""},"_links":{"self":[{"href":"https:\/\/www.europesays.com\/se\/wp-json\/wp\/v2\/posts\/131698","targetHints":{"allow":["GET"]}}],"collection":[{"href":"https:\/\/www.europesays.com\/se\/wp-json\/wp\/v2\/posts"}],"about":[{"href":"https:\/\/www.europesays.com\/se\/wp-json\/wp\/v2\/types\/post"}],"author":[{"embeddable":true,"href":"https:\/\/www.europesays.com\/se\/wp-json\/wp\/v2\/users\/2"}],"replies":[{"embeddable":true,"href":"https:\/\/www.europesays.com\/se\/wp-json\/wp\/v2\/comments?post=131698"}],"version-history":[{"count":0,"href":"https:\/\/www.europesays.com\/se\/wp-json\/wp\/v2\/posts\/131698\/revisions"}],"wp:featuredmedia":[{"embeddable":true,"href":"https:\/\/www.europesays.com\/se\/wp-json\/wp\/v2\/media\/131699"}],"wp:attachment":[{"href":"https:\/\/www.europesays.com\/se\/wp-json\/wp\/v2\/media?parent=131698"}],"wp:term":[{"taxonomy":"category","embeddable":true,"href":"https:\/\/www.europesays.com\/se\/wp-json\/wp\/v2\/categories?post=131698"},{"taxonomy":"post_tag","embeddable":true,"href":"https:\/\/www.europesays.com\/se\/wp-json\/wp\/v2\/tags?post=131698"}],"curies":[{"name":"wp","href":"https:\/\/api.w.org\/{rel}","templated":true}]}}