{"id":131723,"date":"2026-01-10T17:33:12","date_gmt":"2026-01-10T17:33:12","guid":{"rendered":"https:\/\/www.europesays.com\/se\/131723\/"},"modified":"2026-01-10T17:33:12","modified_gmt":"2026-01-10T17:33:12","slug":"mardromslopp-i-blast-och-kyla-men-samuelsson-pa-pallen-nwt","status":"publish","type":"post","link":"https:\/\/www.europesays.com\/se\/131723\/","title":{"rendered":"Mardr\u00f6mslopp i bl\u00e5st och kyla \u2013 men Samuelsson p\u00e5 pallen &#8211; NWT"},"content":{"rendered":"<ol>\n<li><a href=\"https:\/\/news.google.com\/rss\/articles\/CBMilgFBVV95cUxOTnBnUUpvMU1ZWks3VVJSMWhiWExNS2lqMDdhQUlQWUk5VzFVeVBmcUczaFpsaC0yZW9qNS1JZGpoRWNDby15bExxZkdOSUI2Q2czZ0hsX3hrZGE3WlZjTjNrTmpDNHNFZGpGUDQxZHRJZUREd2x6TU51MkllYjZoYXhYZGIyZk5SdFNTczdDT01fQ2g5cUE?oc=5\" target=\"_blank\" rel=\"nofollow noopener\">Mardr\u00f6mslopp i bl\u00e5st och kyla \u2013 men Samuelsson p\u00e5 pallen<\/a>&nbsp;&nbsp;NWT<\/li>\n<li><a href=\"https:\/\/news.google.com\/rss\/articles\/CBMilAFBVV95cUxNWk05S2p4bDJVN2dGRTdVSzJRbkJLaEJhY3VORmY4dmZKelV2emk2NTRIYmVlV05FZ2s0U05ZZmh5NXA2Z052eWcxR2pXVFZRa3JuYlJQMWRLeno2a2JfY0tBRWh6U19MN3BfeVdfT1k3Uzh3U3pqMGQ2NTBYdVRwbUVPeHdYcFBvTzdFWURJOWJmVUNT?oc=5\" target=\"_blank\" rel=\"nofollow noopener\">Samuelsson med superavslutning: \u201dL\u00e5g niv\u00e5 p\u00e5 alla\u201d<\/a>&nbsp;&nbsp;Aftonbladet<\/li>\n<li><a href=\"https:\/\/news.google.com\/rss\/articles\/CBMijwFBVV95cUxQMTBOWWNWUzVDbUhINHVZLWVBNUdweTFxVlJLeDNueXB2WUFfd09vWWFpdnhrMi03ZUU5a1BvdnUyeGlfTHF6cTBOOHVIVkIydGMzTVNxQkRpRDFTdTRRYjRsZ3hnOG4tNE1fbV9oNXpYWmtWN19QM3dnR3RRSklkdUpwZ3JiT2lReTlDQ05ndw?oc=5\" target=\"_blank\" rel=\"nofollow noopener\">Svensk f\u00f6rvirring \u2013 efter kaoslopp<\/a>&nbsp;&nbsp;Expressen<\/li>\n<li><a href=\"https:\/\/news.google.com\/rss\/articles\/CBMivAFBVV95cUxQckQtYTgzaUMyUWM0cGV2eS0wMVRaZXJRU0YzUnRWOXJxZm1pYjRnY3U1T0lZWXBsWDZMOUx5ZGJUOC10aXJ2U2NLVWpOdWJpWURJQ1pwcWR5VmlGanBFSWRINTVVc0RvUDQ2VTJBc1RObXFBRUVBWm40aVdxbWtmVENQekdaTHJyUnhUTGhrUzBCcldoZlNxU2lzclkxLTE1dTVXN2dKSmV4aHZzeC0wUDF4N1pjWEUyLXgtNQ?oc=5\" target=\"_blank\" rel=\"nofollow noopener\">Vintersport: Ett bes\u00f6karinl\u00e4gg i \u201dVinterstudion 2025\/26 \u2013 nyheter och s\u00e4ndningar\u201d<\/a>&nbsp;&nbsp;SVT Nyheter<\/li>\n<li><a href=\"https:\/\/news.google.com\/rss\/articles\/CBMieEFVX3lxTFBCbGM2bWxiRmxMNU1vVEw1UDVxTUR1SVdSREtyM3Q5RE1PMlVCNzBFcmFTYUc1VkFfZjVfcWNtaURYLWhQY1F6SE1BLTlOZHFQQUZDTjNrbkFFM2k1cnlUazNoRmR1VlVKTDAta0tJWFpPNUlWSEhwQQ?oc=5\" target=\"_blank\" rel=\"nofollow noopener\">Succ\u00e9n \u2013 p\u00e5 pallen trots sex (!) bom: \u201dL\u00e5g niv\u00e5\u201d<\/a>&nbsp;&nbsp;SvD<\/li>\n<\/ol>\n","protected":false},"excerpt":{"rendered":"Mardr\u00f6mslopp i bl\u00e5st och kyla \u2013 men Samuelsson p\u00e5 pallen&nbsp;&nbsp;NWT Samuelsson med superavslutning: \u201dL\u00e5g niv\u00e5 p\u00e5 alla\u201d&nbsp;&nbsp;Aftonbladet Svensk&hellip;\n","protected":false},"author":2,"featured_media":131724,"comment_status":"","ping_status":"","sticky":false,"template":"","format":"standard","meta":{"footnotes":""},"categories":[68],"tags":[34,111,110,31,33,32,30],"class_list":{"0":"post-131723","1":"post","2":"type-post","3":"status-publish","4":"format-standard","5":"has-post-thumbnail","7":"category-sport","8":"tag-se","9":"tag-sport","10":"tag-sports","11":"tag-svenska","12":"tag-sverige","13":"tag-sweden","14":"tag-swedish"},"share_on_mastodon":{"url":"https:\/\/pubeurope.com\/@se\/115872006388545741","error":""},"_links":{"self":[{"href":"https:\/\/www.europesays.com\/se\/wp-json\/wp\/v2\/posts\/131723","targetHints":{"allow":["GET"]}}],"collection":[{"href":"https:\/\/www.europesays.com\/se\/wp-json\/wp\/v2\/posts"}],"about":[{"href":"https:\/\/www.europesays.com\/se\/wp-json\/wp\/v2\/types\/post"}],"author":[{"embeddable":true,"href":"https:\/\/www.europesays.com\/se\/wp-json\/wp\/v2\/users\/2"}],"replies":[{"embeddable":true,"href":"https:\/\/www.europesays.com\/se\/wp-json\/wp\/v2\/comments?post=131723"}],"version-history":[{"count":0,"href":"https:\/\/www.europesays.com\/se\/wp-json\/wp\/v2\/posts\/131723\/revisions"}],"wp:featuredmedia":[{"embeddable":true,"href":"https:\/\/www.europesays.com\/se\/wp-json\/wp\/v2\/media\/131724"}],"wp:attachment":[{"href":"https:\/\/www.europesays.com\/se\/wp-json\/wp\/v2\/media?parent=131723"}],"wp:term":[{"taxonomy":"category","embeddable":true,"href":"https:\/\/www.europesays.com\/se\/wp-json\/wp\/v2\/categories?post=131723"},{"taxonomy":"post_tag","embeddable":true,"href":"https:\/\/www.europesays.com\/se\/wp-json\/wp\/v2\/tags?post=131723"}],"curies":[{"name":"wp","href":"https:\/\/api.w.org\/{rel}","templated":true}]}}