{"id":131729,"date":"2026-01-10T17:48:07","date_gmt":"2026-01-10T17:48:07","guid":{"rendered":"https:\/\/www.europesays.com\/se\/131729\/"},"modified":"2026-01-10T17:48:07","modified_gmt":"2026-01-10T17:48:07","slug":"29-gripna-vid-protester-i-minneapolis-i-natt","status":"publish","type":"post","link":"https:\/\/www.europesays.com\/se\/131729\/","title":{"rendered":"29 gripna vid protester i Minneapolis i\u00a0natt"},"content":{"rendered":"<p>29 m\u00e4nniskor greps i amerikanska Minneapolis i\u202fnatt i samband med protester mot migrationsmyndigheten ICE:s n\u00e4rvaro i staden, uppger borgm\u00e4staren Jacob Frey under l\u00f6rdagen. <\/p>\n<p>Polischefen Brian O\u2019Hara uppger att en polis skadades i protesterna, rapporterar Reuters. Det finns inga uppgifter om skadel\u00e4get. <\/p>\n<p>Frey s\u00e4ger att majoriteten demonstrerar p\u00e5 ett fredligt s\u00e4tt men uppmanade ocks\u00e5 de som tar till v\u00e5ld att lugna ner sig, enligt CNN. <\/p>\n<p>\u2013 Vi kommer inte att svara p\u00e5 Donald Trumps kaos med eget kaos, s\u00e4ger han. <\/p>\n<p>Omni \u00e4r politiskt obundna och oberoende. Vi str\u00e4var efter att ge fler perspektiv p\u00e5 nyheterna. Har du fr\u00e5gor eller synpunkter kring v\u00e5r rapportering? <a href=\"https:\/\/omni.se\/29-gripna-vid-protester-i-minneapolis-inatt\/a\/mailto:redaktion@omni.se\" class=\"ArticleActions_contactLink__W2F1M\" rel=\"nofollow noopener\" target=\"_blank\">Kontakta redaktionen<\/a><\/p>\n","protected":false},"excerpt":{"rendered":"29 m\u00e4nniskor greps i amerikanska Minneapolis i\u202fnatt i samband med protester mot migrationsmyndigheten ICE:s n\u00e4rvaro i staden, uppger&hellip;\n","protected":false},"author":2,"featured_media":131730,"comment_status":"","ping_status":"","sticky":false,"template":"","format":"standard","meta":{"footnotes":""},"categories":[14],"tags":[387,22,23,385,26,27,17,21,24,25,28,29,15,268,16,18,34,31,33,32,30,19,20,74,51,52,53,54],"class_list":{"0":"post-131729","1":"post","2":"type-post","3":"status-publish","4":"format-standard","5":"has-post-thumbnail","7":"category-varlden","8":"tag-amerikansk-politik","9":"tag-breaking-news","10":"tag-breakingnews","11":"tag-donald-trump","12":"tag-featured-news","13":"tag-featurednews","14":"tag-headlines","15":"tag-huvudnyheter","16":"tag-latest-news","17":"tag-latestnews","18":"tag-main-news","19":"tag-mainnews","20":"tag-news","21":"tag-nordamerika","22":"tag-nyheter","23":"tag-rubriker","24":"tag-se","25":"tag-svenska","26":"tag-sverige","27":"tag-sweden","28":"tag-swedish","29":"tag-top-stories","30":"tag-topstories","31":"tag-usa","32":"tag-varlden","33":"tag-world","34":"tag-world-news","35":"tag-worldnews"},"share_on_mastodon":{"url":"https:\/\/pubeurope.com\/@se\/115872065294876737","error":""},"_links":{"self":[{"href":"https:\/\/www.europesays.com\/se\/wp-json\/wp\/v2\/posts\/131729","targetHints":{"allow":["GET"]}}],"collection":[{"href":"https:\/\/www.europesays.com\/se\/wp-json\/wp\/v2\/posts"}],"about":[{"href":"https:\/\/www.europesays.com\/se\/wp-json\/wp\/v2\/types\/post"}],"author":[{"embeddable":true,"href":"https:\/\/www.europesays.com\/se\/wp-json\/wp\/v2\/users\/2"}],"replies":[{"embeddable":true,"href":"https:\/\/www.europesays.com\/se\/wp-json\/wp\/v2\/comments?post=131729"}],"version-history":[{"count":0,"href":"https:\/\/www.europesays.com\/se\/wp-json\/wp\/v2\/posts\/131729\/revisions"}],"wp:featuredmedia":[{"embeddable":true,"href":"https:\/\/www.europesays.com\/se\/wp-json\/wp\/v2\/media\/131730"}],"wp:attachment":[{"href":"https:\/\/www.europesays.com\/se\/wp-json\/wp\/v2\/media?parent=131729"}],"wp:term":[{"taxonomy":"category","embeddable":true,"href":"https:\/\/www.europesays.com\/se\/wp-json\/wp\/v2\/categories?post=131729"},{"taxonomy":"post_tag","embeddable":true,"href":"https:\/\/www.europesays.com\/se\/wp-json\/wp\/v2\/tags?post=131729"}],"curies":[{"name":"wp","href":"https:\/\/api.w.org\/{rel}","templated":true}]}}