{"id":131731,"date":"2026-01-10T17:50:10","date_gmt":"2026-01-10T17:50:10","guid":{"rendered":"https:\/\/www.europesays.com\/se\/131731\/"},"modified":"2026-01-10T17:50:10","modified_gmt":"2026-01-10T17:50:10","slug":"fbk-bossens-starka-ord-kring-kritiken-mot-jonsson-i-host-omanskligt-och-ovardigt-vf","status":"publish","type":"post","link":"https:\/\/www.europesays.com\/se\/131731\/","title":{"rendered":"FBK-bossens starka ord kring kritiken mot J\u00f6nsson i h\u00f6st: \u201dOm\u00e4nskligt och ov\u00e4rdigt\u201d &#8211; VF"},"content":{"rendered":"<ol>\n<li><a href=\"https:\/\/news.google.com\/rss\/articles\/CBMitwFBVV95cUxOVXJJa190aXc1YXcxVERKbTF6NW9hVkpXeFRoaEZBZVFqMmxpNGl1LUpibl82bE9ibm9TdWNMZUY4VnhYY0ZkSWFGTWlyMHV3SnNtb0VkZDN1NlpXZUE1UllBYndsUUtSTm5lX0d3NGJFX0JfZlpPdWdYYy1Da2wwaGF1Vk9sQ091dU1RSTNlQUkwd2kwY2FlX0s5ODZxXzlBNTcyalRPVmgxVkRhc1dkZWZiaTF2Qzg?oc=5\" target=\"_blank\" rel=\"nofollow noopener\">FBK-bossens starka ord kring kritiken mot J\u00f6nsson i h\u00f6st: \u201dOm\u00e4nskligt och ov\u00e4rdigt\u201d<\/a>&nbsp;&nbsp;VF<\/li>\n<li><a href=\"https:\/\/news.google.com\/rss\/articles\/CBMinwFBVV95cUxNdFlzT2oxRUk1RlRKMDlHRGwtN1FVUktob3V2RTZicVpJY3VrTmw4QzRqc1I2WWJ4MVlWemZqYncwODkwZHRvVjFrRjhNa3BTWXM4eGd1aFE4Mk1GUVpjMkNYN3dUY2dWY1RwSjNDVGFxc2RVbGNJUVB2cFNqV2xGSTVvVkFxN1NvTFg0aENqWjEyaHV4ZG04OE1wVFNiYW8?oc=5\" target=\"_blank\" rel=\"nofollow noopener\">Skr\u00e4ckstart f\u00f6r F\u00e4rjestad efter tr\u00e4narbytet<\/a>&nbsp;&nbsp;Aftonbladet<\/li>\n<li><a href=\"https:\/\/news.google.com\/rss\/articles\/CBMinwFBVV95cUxPVi11UnlQd2NZaXlISkZ6c2ttT0xxYl9DZjdZaG5qd1dzTjZvWlhZWDdfYjBUM1phVHJxcWhrQ01tcHNKT2Yta1cwRFY5Wjg5dDRlR3dNUm5kNXU4MWhHUU5VWWc2WXRjNjZha0Z0eUdaNUdUYk5uZVdEcjZxSUVScEtpSjVwZDBlc0V2SGNwUzVBY0MyVFY2UV9kWENwc0k?oc=5\" target=\"_blank\" rel=\"nofollow noopener\">F\u00f6rlust direkt \u2013 utan J\u00f6nsson<\/a>&nbsp;&nbsp;Expressen<\/li>\n<li><a href=\"https:\/\/news.google.com\/rss\/articles\/CBMidEFVX3lxTFBxNE9YTEVWblNxdUNkY2QxNlVMZUpMQjM1a3ZCNU5qZ1J3VzQwcm9hNWNjTHZnV1pXazFnRkZsWklaLUdqaVZUdFlSN0xEa2FvUDZjeGJNbGs4U0N4MzVHQkJWRTVncXRjZWMyNm95TXFVZ3Rl?oc=5\" target=\"_blank\" rel=\"nofollow noopener\">Ishockey: F\u00e4rjestad sparkar J\u00f6rgen J\u00f6nsson<\/a>&nbsp;&nbsp;SVT Nyheter<\/li>\n<li><a href=\"https:\/\/news.google.com\/rss\/articles\/CBMiY0FVX3lxTE00NWxtNWNSYkhfcTE0Unllal9MZjFPRG1TczA3WGV0Z0UwcmdoWHpXMkIyT21weUkteWk4WEVxZHRzRVVXVnlyVHo2VldhNzVHSnlkN19hMjJGc1pPekJ0U2Npbw?oc=5\" target=\"_blank\" rel=\"nofollow noopener\">SHL: F\u00f6r\u00e4ndringar i ledarstaben<\/a>&nbsp;&nbsp;F\u00e4rjestad BK<\/li>\n<\/ol>\n","protected":false},"excerpt":{"rendered":"FBK-bossens starka ord kring kritiken mot J\u00f6nsson i h\u00f6st: \u201dOm\u00e4nskligt och ov\u00e4rdigt\u201d&nbsp;&nbsp;VF Skr\u00e4ckstart f\u00f6r F\u00e4rjestad efter tr\u00e4narbytet&nbsp;&nbsp;Aftonbladet F\u00f6rlust&hellip;\n","protected":false},"author":2,"featured_media":131732,"comment_status":"","ping_status":"","sticky":false,"template":"","format":"standard","meta":{"footnotes":""},"categories":[5],"tags":[22,23,26,27,17,21,24,25,28,29,15,16,18,34,31,33,32,30,19,20],"class_list":{"0":"post-131731","1":"post","2":"type-post","3":"status-publish","4":"format-standard","5":"has-post-thumbnail","7":"category-rubriker","8":"tag-breaking-news","9":"tag-breakingnews","10":"tag-featured-news","11":"tag-featurednews","12":"tag-headlines","13":"tag-huvudnyheter","14":"tag-latest-news","15":"tag-latestnews","16":"tag-main-news","17":"tag-mainnews","18":"tag-news","19":"tag-nyheter","20":"tag-rubriker","21":"tag-se","22":"tag-svenska","23":"tag-sverige","24":"tag-sweden","25":"tag-swedish","26":"tag-top-stories","27":"tag-topstories"},"share_on_mastodon":{"url":"https:\/\/pubeurope.com\/@se\/115872073150597494","error":""},"_links":{"self":[{"href":"https:\/\/www.europesays.com\/se\/wp-json\/wp\/v2\/posts\/131731","targetHints":{"allow":["GET"]}}],"collection":[{"href":"https:\/\/www.europesays.com\/se\/wp-json\/wp\/v2\/posts"}],"about":[{"href":"https:\/\/www.europesays.com\/se\/wp-json\/wp\/v2\/types\/post"}],"author":[{"embeddable":true,"href":"https:\/\/www.europesays.com\/se\/wp-json\/wp\/v2\/users\/2"}],"replies":[{"embeddable":true,"href":"https:\/\/www.europesays.com\/se\/wp-json\/wp\/v2\/comments?post=131731"}],"version-history":[{"count":0,"href":"https:\/\/www.europesays.com\/se\/wp-json\/wp\/v2\/posts\/131731\/revisions"}],"wp:featuredmedia":[{"embeddable":true,"href":"https:\/\/www.europesays.com\/se\/wp-json\/wp\/v2\/media\/131732"}],"wp:attachment":[{"href":"https:\/\/www.europesays.com\/se\/wp-json\/wp\/v2\/media?parent=131731"}],"wp:term":[{"taxonomy":"category","embeddable":true,"href":"https:\/\/www.europesays.com\/se\/wp-json\/wp\/v2\/categories?post=131731"},{"taxonomy":"post_tag","embeddable":true,"href":"https:\/\/www.europesays.com\/se\/wp-json\/wp\/v2\/tags?post=131731"}],"curies":[{"name":"wp","href":"https:\/\/api.w.org\/{rel}","templated":true}]}}