{"id":131733,"date":"2026-01-10T17:56:07","date_gmt":"2026-01-10T17:56:07","guid":{"rendered":"https:\/\/www.europesays.com\/se\/131733\/"},"modified":"2026-01-10T17:56:07","modified_gmt":"2026-01-10T17:56:07","slug":"polisens-skrackfynd-hos-jonathan-gerlach-i-pennsylvania","status":"publish","type":"post","link":"https:\/\/www.europesays.com\/se\/131733\/","title":{"rendered":"Polisens skr\u00e4ckfynd hos Jonathan Gerlach i Pennsylvania"},"content":{"rendered":"<p>Publicerad 10 jan 2026 kl 18.07<\/p>\n<p>Under en husrannsakan hemma hos Jonathan Gerlach gjorde polisen i Pennsylvania en fasansfull uppt\u00e4ckt.<\/p>\n<p>\u2013 Utredarna klev rakt in i en skr\u00e4ckfilm, s\u00e4ger \u00e5klagaren Tanner Rouse om fyndet \u2013 som nu lett till att 34-\u00e5ringen misst\u00e4nks f\u00f6r n\u00e4stan 500 brott, skriver <a href=\"https:\/\/people.com\/man-charged-with-nearly-500-counts-after-over-100-human-skeletal-remains-found-in-his-home-11882136\" rel=\"nofollow noopener\" target=\"_blank\">People<\/a>.<\/p>\n<p>Senaste nyhetsklippen fr\u00e5n Expressen.<img   alt=\"\"\/><\/p>\n<p>Jonathan Gerlach, 34, misst\u00e4nks f\u00f6r n\u00e4ra 500 brott efter det makabra fyndet i hans bostad.<\/p>\n<p>Foto: Delaware County Prison<\/p>\n<p>\u00d6ppna bild i helsk\u00e4rm<\/p>\n<p>Jonathan Gerlach, 34, greps p\u00e5 kv\u00e4llen den 6 januari p\u00e5 en kyrkog\u00e5rd i Yeadon, strax v\u00e4ster om Philadelphia.<\/p>\n<p>Gripandet skedde efter att tv\u00e5 poliser uppt\u00e4ckte flera ben och kranier fullt synliga i baks\u00e4tet p\u00e5 Gerlachs bil. Strax d\u00e4refter s\u00e5gs han l\u00e4mna omr\u00e5det med en s\u00e4ck, en kofot och andra verktyg.<\/p>\n<p>\u201dSom en skr\u00e4ckfilm\u201d<\/p>\n<p>I f\u00f6rh\u00f6r erk\u00e4nde 34-\u00e5ringen att han stulit omkring 30 upps\u00e4ttningar m\u00e4nskliga kvarlevor, men vid en husrannsakan i hans hem kunde polisen sl\u00e5 fast att antalet var betydligt st\u00f6rre \u00e4n s\u00e5. I bostaden och ett tillh\u00f6rande f\u00f6rr\u00e5d hittade man \u00f6ver 100 hela eller delvisa skelett.<\/p>\n<p>Enligt \u00e5klagaren Tanner Rouse r\u00f6r det sig om kvarlevor i mycket varierande skick \u2013 vissa kompletta och andra i delar. Bland fynden ska \u00e4ven barnkvarlevor finnas, inklusive sp\u00e4dbarn. Vissa skelett uppges vara uppemot 200 \u00e5r gamla medan andra \u00e4r \u201dnyare\u201d.<\/p>\n<p>\u2013 Utredarna klev rakt in i en skr\u00e4ckfilm som blivit verklighet h\u00e4romkv\u00e4llen. Det var en otrolig syn, s\u00e4ger Rouse i ett uttalande.<\/p>\n<p>Hundratals brottsmisstankar<\/p>\n<p>Gerlach sitter nu h\u00e4ktad misst\u00e4nkt f\u00f6r totalt 496 brott, d\u00e4ribland 100 fall av brott mot griftefriden, 100 fall av st\u00f6ld samt 26 fall av inbrott.<\/p>\n<p>Polisen misst\u00e4nker att kvarlevor \u00e4ven stulits fr\u00e5n andra kyrkog\u00e5rdar i omr\u00e5det och utreder kopplingar till en Facebookgrupp d\u00e4r m\u00e4nskliga ben och kranier ska ha s\u00e5lts.<\/p>\n<p>Parallellt med att utredningen p\u00e5g\u00e5r ocks\u00e5 arbetet att pussla ihop vem kvarlevorna tillh\u00f6r, varifr\u00e5n de kommer och exakt hur m\u00e5nga de \u00e4r.<\/p>\n<p>\u2013 Jag s\u00f6rjer f\u00f6r dem som \u00e4r ber\u00f6rda av detta, som g\u00e5r igenom det, som f\u00f6rs\u00f6ker ta reda p\u00e5 om det verkligen \u00e4r deras \u00e4lskade eller deras barn, s\u00e4ger Rouse i uttalandet.<\/p>\n","protected":false},"excerpt":{"rendered":"Publicerad 10 jan 2026 kl 18.07 Under en husrannsakan hemma hos Jonathan Gerlach gjorde polisen i Pennsylvania en&hellip;\n","protected":false},"author":2,"featured_media":131734,"comment_status":"","ping_status":"","sticky":false,"template":"","format":"standard","meta":{"footnotes":""},"categories":[14],"tags":[22,23,26,27,17,21,24,25,3590,45,28,29,15,16,18,34,55,31,33,32,30,19,1499,20,51,52,53,54],"class_list":{"0":"post-131733","1":"post","2":"type-post","3":"status-publish","4":"format-standard","5":"has-post-thumbnail","7":"category-varlden","8":"tag-breaking-news","9":"tag-breakingnews","10":"tag-featured-news","11":"tag-featurednews","12":"tag-headlines","13":"tag-huvudnyheter","14":"tag-latest-news","15":"tag-latestnews","16":"tag-location-pennsylvania","17":"tag-location-usa","18":"tag-main-news","19":"tag-mainnews","20":"tag-news","21":"tag-nyheter","22":"tag-rubriker","23":"tag-se","24":"tag-sections-varlden","25":"tag-svenska","26":"tag-sverige","27":"tag-sweden","28":"tag-swedish","29":"tag-top-stories","30":"tag-topic-ran-stold","31":"tag-topstories","32":"tag-varlden","33":"tag-world","34":"tag-world-news","35":"tag-worldnews"},"share_on_mastodon":{"url":"https:\/\/pubeurope.com\/@se\/115872096735395391","error":""},"_links":{"self":[{"href":"https:\/\/www.europesays.com\/se\/wp-json\/wp\/v2\/posts\/131733","targetHints":{"allow":["GET"]}}],"collection":[{"href":"https:\/\/www.europesays.com\/se\/wp-json\/wp\/v2\/posts"}],"about":[{"href":"https:\/\/www.europesays.com\/se\/wp-json\/wp\/v2\/types\/post"}],"author":[{"embeddable":true,"href":"https:\/\/www.europesays.com\/se\/wp-json\/wp\/v2\/users\/2"}],"replies":[{"embeddable":true,"href":"https:\/\/www.europesays.com\/se\/wp-json\/wp\/v2\/comments?post=131733"}],"version-history":[{"count":0,"href":"https:\/\/www.europesays.com\/se\/wp-json\/wp\/v2\/posts\/131733\/revisions"}],"wp:featuredmedia":[{"embeddable":true,"href":"https:\/\/www.europesays.com\/se\/wp-json\/wp\/v2\/media\/131734"}],"wp:attachment":[{"href":"https:\/\/www.europesays.com\/se\/wp-json\/wp\/v2\/media?parent=131733"}],"wp:term":[{"taxonomy":"category","embeddable":true,"href":"https:\/\/www.europesays.com\/se\/wp-json\/wp\/v2\/categories?post=131733"},{"taxonomy":"post_tag","embeddable":true,"href":"https:\/\/www.europesays.com\/se\/wp-json\/wp\/v2\/tags?post=131733"}],"curies":[{"name":"wp","href":"https:\/\/api.w.org\/{rel}","templated":true}]}}