{"id":131736,"date":"2026-01-10T18:00:07","date_gmt":"2026-01-10T18:00:07","guid":{"rendered":"https:\/\/www.europesays.com\/se\/131736\/"},"modified":"2026-01-10T18:00:07","modified_gmt":"2026-01-10T18:00:07","slug":"lvc-besegrar-sollentuna-efter-rysare-i-sporthallen","status":"publish","type":"post","link":"https:\/\/www.europesays.com\/se\/131736\/","title":{"rendered":"LVC besegrar Sollentuna efter rysare i Sporthallen"},"content":{"rendered":"<p>STATISTIKENOddsen var p\u00e5 LVC:s sida inf\u00f6r matchen d\u00e5 man lyckats vinna de fem senaste matcherna mot Sollentuna med 3\u20130, dessutom kom senaste f\u00f6rlusten mot Sollentuna f\u00f6r 1806(!) dagar sedan.UNDERL\u00c4GE G\u00c5NG P\u00c5 G\u00c5NGLVC hamnade i underl\u00e4ge vid flertalet tillf\u00e4llen under matchen.\u00a0Kapten Poa Andersson s\u00e4ger s\u00e5 h\u00e4r vad man beh\u00f6ver g\u00f6ra b\u00e4ttre:\u2013 Det finns ljusglimtar men vi s<\/p>\n","protected":false},"excerpt":{"rendered":"STATISTIKENOddsen var p\u00e5 LVC:s sida inf\u00f6r matchen d\u00e5 man lyckats vinna de fem senaste matcherna mot Sollentuna med&hellip;\n","protected":false},"author":2,"featured_media":131737,"comment_status":"","ping_status":"","sticky":false,"template":"","format":"standard","meta":{"footnotes":""},"categories":[68],"tags":[34,111,110,31,33,32,30],"class_list":{"0":"post-131736","1":"post","2":"type-post","3":"status-publish","4":"format-standard","5":"has-post-thumbnail","7":"category-sport","8":"tag-se","9":"tag-sport","10":"tag-sports","11":"tag-svenska","12":"tag-sverige","13":"tag-sweden","14":"tag-swedish"},"share_on_mastodon":{"url":"https:\/\/pubeurope.com\/@se\/115872112505477936","error":""},"_links":{"self":[{"href":"https:\/\/www.europesays.com\/se\/wp-json\/wp\/v2\/posts\/131736","targetHints":{"allow":["GET"]}}],"collection":[{"href":"https:\/\/www.europesays.com\/se\/wp-json\/wp\/v2\/posts"}],"about":[{"href":"https:\/\/www.europesays.com\/se\/wp-json\/wp\/v2\/types\/post"}],"author":[{"embeddable":true,"href":"https:\/\/www.europesays.com\/se\/wp-json\/wp\/v2\/users\/2"}],"replies":[{"embeddable":true,"href":"https:\/\/www.europesays.com\/se\/wp-json\/wp\/v2\/comments?post=131736"}],"version-history":[{"count":0,"href":"https:\/\/www.europesays.com\/se\/wp-json\/wp\/v2\/posts\/131736\/revisions"}],"wp:featuredmedia":[{"embeddable":true,"href":"https:\/\/www.europesays.com\/se\/wp-json\/wp\/v2\/media\/131737"}],"wp:attachment":[{"href":"https:\/\/www.europesays.com\/se\/wp-json\/wp\/v2\/media?parent=131736"}],"wp:term":[{"taxonomy":"category","embeddable":true,"href":"https:\/\/www.europesays.com\/se\/wp-json\/wp\/v2\/categories?post=131736"},{"taxonomy":"post_tag","embeddable":true,"href":"https:\/\/www.europesays.com\/se\/wp-json\/wp\/v2\/tags?post=131736"}],"curies":[{"name":"wp","href":"https:\/\/api.w.org\/{rel}","templated":true}]}}