{"id":131740,"date":"2026-01-10T18:06:29","date_gmt":"2026-01-10T18:06:29","guid":{"rendered":"https:\/\/www.europesays.com\/se\/131740\/"},"modified":"2026-01-10T18:06:29","modified_gmt":"2026-01-10T18:06:29","slug":"allt-varre-exremvader-i-usa-trump-monterar-ner-beredskapen","status":"publish","type":"post","link":"https:\/\/www.europesays.com\/se\/131740\/","title":{"rendered":"Allt v\u00e4rre exremv\u00e4der i USA \u2013 Trump monterar ner beredskapen"},"content":{"rendered":"<p><a data-test-tag=\"internal-link\" href=\"https:\/\/www.aftonbladet.se\/av\/christina-nordh\" class=\"hyperion-css-13ns1rr\" rel=\"nofollow noopener\" target=\"\" aria-label=\"Se alla artiklar av Christina Nordh\"><img decoding=\"async\" class=\"image-asset hyperion-css-n6kkq1\" data-test-tag=\"image-asset\" src=\"https:\/\/www.europesays.com\/se\/wp-content\/uploads\/2026\/01\/1768068386_244_3f1c9fd4-95cb-4dbf-8bea-120cdb20cf2f.jpeg\"  alt=\"\"  loading=\"lazy\" fetchpriority=\"auto\" style=\"aspect-ratio:1900 \/ 1900\"\/><\/a>share-arrowDela<\/p>\n<p>unsaveSpara<\/p>\n<p>expand-left<\/p>\n<p>helsk\u00e4rm<img decoding=\"async\" class=\"image-asset hyperion-css-u06ts1\" data-test-tag=\"image-asset\" src=\"https:\/\/www.europesays.com\/se\/wp-content\/uploads\/2026\/01\/f8db5865-32a6-42fa-9b6f-65713adb9a52.jpeg\"  alt=\"Trump struntar i veteskapliga varningar och monterar ner USA:s f\u00f6rm\u00e5ga att hantera extremv\u00e4dret, enligt kritikerna.\"  loading=\"eager\" fetchpriority=\"high\" style=\"aspect-ratio:1900 \/ 1297\"\/>Trump struntar i veteskapliga varningar och monterar ner USA:s f\u00f6rm\u00e5ga att hantera extremv\u00e4dret, enligt kritikerna. Foto: Kevin Lamarque\/AP<\/p>\n<p class=\"hyperion-css-1shl3oz\" data-test-tag=\"lead-text\">Det beskrivs som en perfekt storm.<\/p>\n<p class=\"hyperion-css-1shl3oz\" data-test-tag=\"lead-text\">USA drabbas av allt h\u00e4ftigare extremv\u00e4der \u2013 men stoppas samtidigt fr\u00e5n att hantera katastroferna.<\/p>\n<p class=\"hyperion-css-1v9qo5x\">Under det f\u00f6rsta \u00e5ret som president har <a data-test-tag=\"internal-link\" href=\"https:\/\/www.aftonbladet.se\/tagg\/donald-trump\" class=\"hyperion-css-15jkft9\" rel=\"nofollow noopener\" target=\"\" aria-label=\"Donald Trump\">Donald Trump<\/a> konsekvent struntat i vetenskapliga varningar, omst\u00e4llning till f\u00f6rnybar energi \u2013 och urholkat <a data-test-tag=\"internal-link\" href=\"https:\/\/www.aftonbladet.se\/tagg\/usa\" class=\"hyperion-css-15jkft9\" rel=\"nofollow noopener\" target=\"\" aria-label=\"USA\">USA<\/a>:s f\u00f6rm\u00e5ga att f\u00f6rbereda sig f\u00f6r naturkatastrofer. <\/p>\n<p class=\"hyperion-css-1v9qo5x\">Han har angripit klimatforskning och monterat ned federala myndigheter som st\u00e5r i frontlinjen. Det har gjort att landet blivit \u00e4nnu mer s\u00e5rbart f\u00f6r de allt kraftigare stormarna, skriver <a aria-label=\"The Guardian\" class=\"default hyperion-css-15jkft9\" href=\"https:\/\/www.theguardian.com\/us-news\/2026\/jan\/04\/donald-trump-disaster-response-preparedness\" rel=\"noopener nofollow noreferrer\" data-test-tag=\"external-link\" target=\"_blank\">The Guardian<\/a>.<\/p>\n<p class=\"hyperion-css-1v9qo5x\">Trumpadministrationens stora nedsk\u00e4rningar p\u00e5 hundratals miljoner dollar av budgeten f\u00f6r nationell beredskap och massiva upps\u00e4gningar har decimerat kris- och r\u00e4ddningsmyndigheter som Fema (Federal Emergency Management Agency), som \u00e4r ansvarigt f\u00f6r att samordna nationella insatser vid katastrofer, och Nooa (National Oceanic and Atmospheric Administration).<\/p>\n<p class=\"hyperion-css-1v9qo5x\">P\u00e5 knappt ett \u00e5r har administrationen dragit tillbaka finansiering till satsningar p\u00e5 klimatanpassning, makulerat forskningskontrakt och tagit bort data som b\u00e5de n\u00e4ringsliv och allm\u00e4nheten varit beroende av, exempelvis lantbrukare.<\/p>\n<p>expand-left<\/p>\n<p>helsk\u00e4rm<img decoding=\"async\" class=\"image-asset hyperion-css-u06ts1\" data-test-tag=\"image-asset\" src=\"https:\/\/www.europesays.com\/se\/wp-content\/uploads\/2026\/01\/4a773f70-c66e-4a85-bf9b-71721ddb1d7e.jpeg\"  alt=\"Efter att vattnet sjunkit undan fortsatte arbetet med att hitta flickorna som f\u00f6rsvann fr\u00e5n det kristna sommarl\u00e4gret Mystic Camp i Texas.\"  loading=\"eager\" fetchpriority=\"high\" style=\"aspect-ratio:1900 \/ 1267\"\/>Efter att vattnet sjunkit undan fortsatte arbetet med att hitta flickorna som f\u00f6rsvann fr\u00e5n det kristna sommarl\u00e4gret Mystic Camp i Texas. Foto: Julio Cortez\/APVarnas inte i tid<\/p>\n<p class=\"hyperion-css-1v9qo5x\">Under 2025 drabbades USA av tre orkaner i kategori fem, rekordh\u00f6g fuktighet under sommaren och extrem v\u00e4rme samt d\u00f6dliga br\u00e4nder och \u00f6versv\u00e4mningar. Minns den katastrofala branden i bostadsomr\u00e5det Palisades i Los Angeles i januari och de sv\u00e5ra \u00f6versv\u00e4mningarna i v\u00e4stra USA i slutet av december.<\/p>\n<p class=\"hyperion-css-1v9qo5x\">Nedsk\u00e4rningarna har f\u00f6rt med sig att befolkningen inte i tid har varnats f\u00f6r katastrofer. <\/p>\n<p class=\"hyperion-css-1v9qo5x\">N\u00e4r Guadalupefloden sv\u00e4mmade \u00f6ver i juli och dr\u00e4nkte sommarl\u00e4gret Camp Mystic och flera samh\u00e4llen i n\u00e4rheten i Texas tog det 72 timmar innan r\u00e4ddningsteam sattes in. 135 personer dog i \u00f6versv\u00e4mningarna, 27 av dem var flickor och personal fr\u00e5n sommarl\u00e4gret. <\/p>\n<p class=\"hyperion-css-1v9qo5x\">De st\u00e4ndigt eskalerande hoten m\u00f6ts av ett s\u00f6nderfallande s\u00e4kerhetsn\u00e4t i takt med att missk\u00f6tsel och nedsk\u00e4rningar urholkar ett krishanteringssystem som redan befinner sig n\u00e4ra bristningsgr\u00e4nsen, menar Monica Medina, bitr\u00e4dande chef f\u00f6r Noaa under Obamaadministrationen. <\/p>\n<p class=\"hyperion-css-1v9qo5x\">\u2013\u00a0Vi m\u00e5ste ha en helt ny inst\u00e4llning till beredskap inf\u00f6r den typ av v\u00e4derh\u00e4ndelser vi nu ser. M\u00e4nniskor kommer att lida. S\u00e5 enkelt \u00e4r det, s\u00e4ger hon till tidningen.<\/p>\n<p>\u201dF\u00f6rs\u00f6ker f\u00f6rst\u00e5\u201d<\/p>\n<p class=\"hyperion-css-1v9qo5x\">Ansvaret har i st\u00f6rre grad hamnat p\u00e5 delstaterna, som inte har samma typ av resurser att s\u00e4tta in som Fema haft. De \u00e4r inte rustade.<\/p>\n<p class=\"hyperion-css-1v9qo5x\">F\u00f6rberedelser i delstaterna har ocks\u00e5 begr\u00e4nsats av administrationens \u00e5tstramningar mot den klimatanpassningspolitik som s\u00e4gs st\u00e5 i v\u00e4gen f\u00f6r Trumps prioriteringar kring energiutvinning. <\/p>\n<p>expand-left<\/p>\n<p>helsk\u00e4rm<img decoding=\"async\" class=\"image-asset hyperion-css-u06ts1\" data-test-tag=\"image-asset\" src=\"https:\/\/www.europesays.com\/se\/wp-content\/uploads\/2026\/01\/195f400e-f36a-469c-9891-fd4223cb9fc2.jpeg\"  alt=\"&quot;E-man&quot; Trujillo tvingades anv\u00e4nda en jetski f\u00f6r att ta sig fram n\u00e4r vattnet sk\u00f6ljde in i hans tr\u00e4dg\u00e5rd efter kraftiga regn som ledde till historiska \u00f6versv\u00e4mningar i Burlington i delstaten Washington den 13 december 2025. \"  loading=\"eager\" fetchpriority=\"high\" style=\"aspect-ratio:1900 \/ 1267\"\/>&#8221;E-man&#8221; Trujillo tvingades anv\u00e4nda en jetski f\u00f6r att ta sig fram n\u00e4r vattnet sk\u00f6ljde in i hans tr\u00e4dg\u00e5rd efter kraftiga regn som ledde till historiska \u00f6versv\u00e4mningar i Burlington i delstaten Washington den 13 december 2025. Foto: Lindsey Wasson\/AP<\/p>\n<p class=\"hyperion-css-1v9qo5x\">Bidragsprogram \u2013 som BRIC (Building Resilient Infrastructure and Communities), HMA (Hazard Mitigation Assistance) och NGWS (Next Generation Warning System) \u2013 som st\u00f6djer delstater och lokalsamh\u00e4llen i arbetet med projekt som minskar risken har stoppats eller blockerats av Trumpadministrationen.<\/p>\n<p class=\"hyperion-css-1v9qo5x\">\u2013\u00a0M\u00e5nga delstater f\u00f6rs\u00f6ker just nu bara f\u00f6rst\u00e5 hur framtiden kommer att se ut, s\u00e4ger Bill Turner, chef f\u00f6r krishantering vid Connecticuts avdelning f\u00f6r r\u00e4ddningstj\u00e4nst och samh\u00e4llsskydd, till The Guardian.<\/p>\n<p class=\"hyperion-css-1v9qo5x\">\u2013\u00a0Det finns budgetcykler, det kr\u00e4vs lagstiftning. Det kan ta \u00e5r att genomf\u00f6ra de h\u00e4r f\u00f6r\u00e4ndringarna. Vi beh\u00f6ver tid att anpassa oss.<\/p>\n<p>Hundratals tj\u00e4nster borta<\/p>\n<p class=\"hyperion-css-1v9qo5x\">USA har gjort en kraftig kurs\u00e4ndring i klimatarbetet under Trumps \u00e5r vid makten. Neddragningarna b\u00f6rjade med Nooa, som ansvarar f\u00f6r v\u00e4derprognoser och klimat\u00f6vervakning.<\/p>\n<p class=\"hyperion-css-1v9qo5x\">Hundratals l\u00e4mnade sina tj\u00e4nster, d\u00e4ribland orkanspanare, forskare, meteorologer och operativ personal. Tomrummet efter dem f\u00f6rsv\u00e5rade arbetet med grundl\u00e4ggande uppgifter just n\u00e4r kraftiga stormar b\u00f6rjade ta form, skriver tidningen.<\/p>\n<p>chevron-leftf\u00f6reg\u00e5ende<\/p>\n<ul class=\"carousel-container-viewport\" style=\"transform:translate3d(0%, 0, 0)\">\n<li class=\"carousel-slide\" style=\"z-index:1;filter:none(1);padding-bottom:75%\"><img decoding=\"async\" class=\"image-asset hyperion-css-u06ts1\" data-test-tag=\"image-asset\" src=\"https:\/\/www.europesays.com\/se\/wp-content\/uploads\/2026\/01\/5f10dcb1-7262-4969-8d88-2e5ac30fae39.jpeg\"  alt=\"\"  fetchpriority=\"auto\" style=\"aspect-ratio:1900 \/ 1425\"\/><\/li>\n<li class=\"carousel-slide\" style=\"filter:none(0.3);padding-bottom:75%\"><img decoding=\"async\" class=\"image-asset hyperion-css-u06ts1\" data-test-tag=\"image-asset\" src=\"https:\/\/www.europesays.com\/se\/wp-content\/uploads\/2026\/01\/97adf1a5-443d-4185-90d8-e4b6633ebc6a.jpeg\"  alt=\"\"  fetchpriority=\"auto\" style=\"aspect-ratio:1900 \/ 1267\"\/><\/li>\n<\/ul>\n<p>expand-left<\/p>\n<p>helsk\u00e4rmchevron-rightn\u00e4staEtt hus i l\u00e5gor under skogsbr\u00e4nderna i Pacific\u00a0Palisades\u00a0i Kalifornien i januari f\u00f6rra \u00e5ret.<\/p>\n<p>1 \/ 2Foto: Eugene Garcia \/ AP<\/p>\n<p>FAKTAKostar \u00f6ver hundra miljarder dollar<\/p>\n<p class=\"hyperion-css-jonaf8\">Bara under f\u00f6rsta halv\u00e5ret 2025 kostade skadorna fr\u00e5n v\u00e4der- och klimatrelaterade katastrofer i hela USA mer \u00e4n 101 miljarder dollar, enligt Dr Adam Smith, som f\u00f6ljde statistiken f\u00f6r Noaa fram till att den federala databasen som sammanst\u00e4llde dessa kostnader lades ned i maj f\u00f6rra \u00e5ret.<\/p>\n<p class=\"hyperion-css-jonaf8\">\u2013\u00a0Det \u00e4r med stor marginal det dyraste f\u00f6rsta halv\u00e5ret sedan m\u00e4tningarna b\u00f6rjade 1980, s\u00e4ger han till The Guardian.<\/p>\n<p class=\"hyperion-css-jonaf8\">Adam Smith arbetar nu som senior forskare med fokus p\u00e5 klimatp\u00e5verkan vid den ideella organisationen Climate Central, d\u00e4r han forts\u00e4tter att bygga vidare p\u00e5 Noaas databas.<\/p>\n<p>L\u00e4s mer<\/p>\n<p class=\"hyperion-css-1v9qo5x\">Under v\u00e5ren 2025 saknades chefsmeteorologer p\u00e5 omkring en fj\u00e4rdedel av National Weather Service (NWS) prognoskontor. Flera kontor runt om i USA tvingades ocks\u00e5 upph\u00f6ra med nattlig \u00f6vervakning p\u00e5 grund av personalbrist. Man tvingades ocks\u00e5 kraftigt minska uppskjutningar av v\u00e4derballonger \u2013 som samlar in data f\u00f6r prognoser \u2013 vilket f\u00f6rs\u00e4mrade tr\u00e4ffs\u00e4kerheten. <\/p>\n<p>Popul\u00e4r sajt st\u00e4ngdes<\/p>\n<p class=\"hyperion-css-1v9qo5x\">Vita huset har ocks\u00e5 st\u00e4ngt webbplatser som anv\u00e4nts av kommuner, delstater, f\u00f6retag och inv\u00e5nare f\u00f6r att de ska kunna f\u00f6rbereda sig inf\u00f6r klimath\u00e4ndelser och st\u00e4ngde ocks\u00e5 ned climate.gov \u2013 flitigt anv\u00e4nd portal \u2013 f\u00f6r allm\u00e4nheten.<\/p>\n<p class=\"hyperion-css-1v9qo5x\">De nio Noaa-stationer som \u00f6vervakar jordb\u00e4vningar som kan orsaka tsunamier st\u00e4ngdes ned i slutet av november \u2013 administrationen drog in finansieringen till ett laboratorium som i \u00e5rtionden \u00f6vervakat seismisk aktivitet. Satellitinstrument som m\u00e4ter koldioxidniv\u00e5er och ger information om vatten- och luftf\u00f6roreningar hotas ocks\u00e5 av nedl\u00e4ggning.<\/p>\n<p>Konsekvenser \u00f6ver hela v\u00e4rlden<\/p>\n<p class=\"hyperion-css-1v9qo5x\">Nedl\u00e4ggningarna kommer att f\u00e5 konsekvenser inte bara f\u00f6r amerikaner utan ocks\u00e5 f\u00f6r forskare och prognosmakare \u00f6ver hela v\u00e4rlden som \u00e4r beroende av amerikanska satelliter, studier och underr\u00e4ttelser. Bland annat data som f\u00f6ljer extremv\u00e4der \u00f6ver Europa, katastrofinsatser i Karibien och \u00f6vervakning av avskogning och klimatkrisens effekter i Amazonas.<\/p>\n<p>expand-left<\/p>\n<p>helsk\u00e4rm<img decoding=\"async\" class=\"image-asset hyperion-css-u06ts1\" data-test-tag=\"image-asset\" src=\"https:\/\/www.europesays.com\/se\/wp-content\/uploads\/2026\/01\/d2e42f4b-5586-4e94-b6b5-19ee647ef268.jpeg\"  alt=\"Monica Medina under ett bes\u00f6k i Sverige 2022.. \"  loading=\"eager\" fetchpriority=\"high\" style=\"aspect-ratio:1900 \/ 1402\"\/>Monica Medina under ett bes\u00f6k i Sverige 2022.. Foto: Marcus Gustafsson\/ TT<\/p>\n<p class=\"hyperion-css-1v9qo5x\">\u2013\u00a0Det h\u00e4r \u00e4r en grundl\u00e4ggande del av det sociala skyddsn\u00e4t som vi f\u00f6rv\u00e4ntar oss att staten ska tillhandah\u00e5lla \u2013 det \u00e4r d\u00e4rf\u00f6r vi betalar skatt \u2013 och den h\u00e4r administrationen monterar ner det, s\u00e4ger Medina.<\/p>\n<p class=\"hyperion-css-1v9qo5x\">\u00c4ven om det skulle bli en kurs\u00e4ndring \u00e4r v\u00e4rdefulla data f\u00f6rlorade f\u00f6r gott.<\/p>\n<p class=\"hyperion-css-1v9qo5x\">\u2013\u00a0Man kan inte k\u00f6pa data som aldrig samlades in. \u00c4ven f\u00f6retag som vill m\u00f6ta efterfr\u00e5gan \u00e4r beroende av federala prognoser och infrastrukturer. Den privata sektorn vilar p\u00e5 en grund av statlig vetenskap \u2013 som nu h\u00e5ller p\u00e5 att falla samman.<\/p>\n<p class=\"hyperion-css-1v9qo5x\">Under onsdagen kom beskedet att USA drar sig ur 66 internationella milj\u00f6organisationer. Bland dem finns FN-f\u00f6rdraget som fastst\u00e4ller internationella klimatf\u00f6rhandlingar, UNFCCCinfocloseUNFCCCFN:s ramkonvention om klimatf\u00f6r\u00e4ndringar (United Nations Framework Convention on Climate Change, UNFCCC) \u00e4r ett internationellt ramverk av \u00e5tg\u00e4rder f\u00f6r att begr\u00e4nsa klimatf\u00f6r\u00e4ndringarna. Klimatkonventionen tr\u00e4dde i kraft 1994. Parisavtalet fr\u00e5n 2015, som syftar till att minska utsl\u00e4ppen av v\u00e4xthusgaser, \u00e4r kopplat till klimatkonventionen., och IPCCinfocloseIPCCIPCC, Intergovernmental Panel on Climate Change, \u00e4r FN:s klimatpanel som bevakar kunskap om klimatf\u00f6r\u00e4ndringar orsakade av m\u00e4nsklig aktivitet. IPCC bildades 1988..<\/p>\n<p><a href=\"https:\/\/www.aftonbladet.se\/nyheter\/a\/5p09yO\/mailto:christina.nordh@aftonbladet.se\" rel=\"noopener nofollow noreferrer\" class=\"hyperion-css-1pv3til\" target=\"_blank\"><img decoding=\"async\" class=\"image-asset hyperion-css-n6kkq1\" data-test-tag=\"image-asset\" src=\"https:\/\/www.europesays.com\/se\/wp-content\/uploads\/2026\/01\/ba627ac1-ce7e-49fe-98d9-b05ef4f05b24.jpeg\"  alt=\"Christina Nordh\"  loading=\"lazy\" fetchpriority=\"auto\" style=\"aspect-ratio:1436 \/ 172\"\/><\/a><\/p>\n","protected":false},"excerpt":{"rendered":"share-arrowDela unsaveSpara expand-left helsk\u00e4rmTrump struntar i veteskapliga varningar och monterar ner USA:s f\u00f6rm\u00e5ga att hantera extremv\u00e4dret, enligt kritikerna.&hellip;\n","protected":false},"author":2,"featured_media":131741,"comment_status":"","ping_status":"","sticky":false,"template":"","format":"standard","meta":{"footnotes":""},"categories":[5],"tags":[22,23,26,27,17,21,24,25,28,29,15,16,18,34,31,33,32,30,19,20],"class_list":{"0":"post-131740","1":"post","2":"type-post","3":"status-publish","4":"format-standard","5":"has-post-thumbnail","7":"category-rubriker","8":"tag-breaking-news","9":"tag-breakingnews","10":"tag-featured-news","11":"tag-featurednews","12":"tag-headlines","13":"tag-huvudnyheter","14":"tag-latest-news","15":"tag-latestnews","16":"tag-main-news","17":"tag-mainnews","18":"tag-news","19":"tag-nyheter","20":"tag-rubriker","21":"tag-se","22":"tag-svenska","23":"tag-sverige","24":"tag-sweden","25":"tag-swedish","26":"tag-top-stories","27":"tag-topstories"},"share_on_mastodon":{"url":"https:\/\/pubeurope.com\/@se\/115872136166876342","error":""},"_links":{"self":[{"href":"https:\/\/www.europesays.com\/se\/wp-json\/wp\/v2\/posts\/131740","targetHints":{"allow":["GET"]}}],"collection":[{"href":"https:\/\/www.europesays.com\/se\/wp-json\/wp\/v2\/posts"}],"about":[{"href":"https:\/\/www.europesays.com\/se\/wp-json\/wp\/v2\/types\/post"}],"author":[{"embeddable":true,"href":"https:\/\/www.europesays.com\/se\/wp-json\/wp\/v2\/users\/2"}],"replies":[{"embeddable":true,"href":"https:\/\/www.europesays.com\/se\/wp-json\/wp\/v2\/comments?post=131740"}],"version-history":[{"count":0,"href":"https:\/\/www.europesays.com\/se\/wp-json\/wp\/v2\/posts\/131740\/revisions"}],"wp:featuredmedia":[{"embeddable":true,"href":"https:\/\/www.europesays.com\/se\/wp-json\/wp\/v2\/media\/131741"}],"wp:attachment":[{"href":"https:\/\/www.europesays.com\/se\/wp-json\/wp\/v2\/media?parent=131740"}],"wp:term":[{"taxonomy":"category","embeddable":true,"href":"https:\/\/www.europesays.com\/se\/wp-json\/wp\/v2\/categories?post=131740"},{"taxonomy":"post_tag","embeddable":true,"href":"https:\/\/www.europesays.com\/se\/wp-json\/wp\/v2\/tags?post=131740"}],"curies":[{"name":"wp","href":"https:\/\/api.w.org\/{rel}","templated":true}]}}