{"id":131742,"date":"2026-01-10T18:08:07","date_gmt":"2026-01-10T18:08:07","guid":{"rendered":"https:\/\/www.europesays.com\/se\/131742\/"},"modified":"2026-01-10T18:08:07","modified_gmt":"2026-01-10T18:08:07","slug":"almtuna-vann-toppmotet-borta-mot-flemingsberg","status":"publish","type":"post","link":"https:\/\/www.europesays.com\/se\/131742\/","title":{"rendered":"Almtuna vann toppm\u00f6tet borta mot Flemingsberg"},"content":{"rendered":"<p> Almtuna vann matchen med 4-3 (0-0, 3-2, 0-1, 1-0) efter f\u00f6rl\u00e4ngning.Theodor Falkenh\u00e4ll blev matchhj\u00e4lte med sitt avg\u00f6rande 4-3-m\u00e5l 1.44 in i f\u00f6rl\u00e4ngningen.Det var tv\u00e5 formstarka lag som m\u00f6ttes. Tredjeplacerade Almtuna tog fj\u00e4rde segern i rad. Flemingsberg hade f\u00f6re matchen sex segrar i rad.Inget av lagen lyckades g\u00f6ra m\u00e5l i f\u00f6rsta perioden.Almtuna var vassast i andra<\/p>\n","protected":false},"excerpt":{"rendered":"Almtuna vann matchen med 4-3 (0-0, 3-2, 0-1, 1-0) efter f\u00f6rl\u00e4ngning.Theodor Falkenh\u00e4ll blev matchhj\u00e4lte med sitt avg\u00f6rande 4-3-m\u00e5l&hellip;\n","protected":false},"author":2,"featured_media":131743,"comment_status":"","ping_status":"","sticky":false,"template":"","format":"standard","meta":{"footnotes":""},"categories":[68],"tags":[34,111,110,31,33,32,30],"class_list":{"0":"post-131742","1":"post","2":"type-post","3":"status-publish","4":"format-standard","5":"has-post-thumbnail","7":"category-sport","8":"tag-se","9":"tag-sport","10":"tag-sports","11":"tag-svenska","12":"tag-sverige","13":"tag-sweden","14":"tag-swedish"},"share_on_mastodon":{"url":"https:\/\/pubeurope.com\/@se\/115872144073824239","error":""},"_links":{"self":[{"href":"https:\/\/www.europesays.com\/se\/wp-json\/wp\/v2\/posts\/131742","targetHints":{"allow":["GET"]}}],"collection":[{"href":"https:\/\/www.europesays.com\/se\/wp-json\/wp\/v2\/posts"}],"about":[{"href":"https:\/\/www.europesays.com\/se\/wp-json\/wp\/v2\/types\/post"}],"author":[{"embeddable":true,"href":"https:\/\/www.europesays.com\/se\/wp-json\/wp\/v2\/users\/2"}],"replies":[{"embeddable":true,"href":"https:\/\/www.europesays.com\/se\/wp-json\/wp\/v2\/comments?post=131742"}],"version-history":[{"count":0,"href":"https:\/\/www.europesays.com\/se\/wp-json\/wp\/v2\/posts\/131742\/revisions"}],"wp:featuredmedia":[{"embeddable":true,"href":"https:\/\/www.europesays.com\/se\/wp-json\/wp\/v2\/media\/131743"}],"wp:attachment":[{"href":"https:\/\/www.europesays.com\/se\/wp-json\/wp\/v2\/media?parent=131742"}],"wp:term":[{"taxonomy":"category","embeddable":true,"href":"https:\/\/www.europesays.com\/se\/wp-json\/wp\/v2\/categories?post=131742"},{"taxonomy":"post_tag","embeddable":true,"href":"https:\/\/www.europesays.com\/se\/wp-json\/wp\/v2\/tags?post=131742"}],"curies":[{"name":"wp","href":"https:\/\/api.w.org\/{rel}","templated":true}]}}