{"id":131758,"date":"2026-01-10T18:32:11","date_gmt":"2026-01-10T18:32:11","guid":{"rendered":"https:\/\/www.europesays.com\/se\/131758\/"},"modified":"2026-01-10T18:32:11","modified_gmt":"2026-01-10T18:32:11","slug":"guldtranaren-gastade-skovde-oerhort-vardefullt-sla","status":"publish","type":"post","link":"https:\/\/www.europesays.com\/se\/131758\/","title":{"rendered":"Guldtr\u00e4naren g\u00e4stade Sk\u00f6vde: \u201dOerh\u00f6rt v\u00e4rdefullt\u201d &#8211; SLA"},"content":{"rendered":"<ol>\n<li><a href=\"https:\/\/news.google.com\/rss\/articles\/CBMiiwFBVV95cUxNeXhCQnlETGtMckl5SHU4R0Yxa1pDTndlM3FXQm9wcWJmRDFlMzRweFRORF9UQ0FtUlZBczlLSzBSaHRvNmlYQXRsYVhBdUNKZ01QM0YxMFl2LWxveUVLTEhXcmxCUVhFcVJ2QWZSMU5fLTM3MmZGRUFHMFotaG5TVWxjTGZjNHFZa2RV?oc=5\" target=\"_blank\" rel=\"nofollow noopener\">Guldtr\u00e4naren g\u00e4stade Sk\u00f6vde: \u201dOerh\u00f6rt v\u00e4rdefullt\u201d<\/a>&nbsp;&nbsp;SLA<\/li>\n<li><a href=\"https:\/\/news.google.com\/rss\/articles\/CBMihAFBVV95cUxQbUtzZHMya19TZ2xwQ3A0UGN0QkxvQ0FmN195TkhCVGNYN0FHenh5LVBwMklNUW8zQmRjanZQVjNYa1B4Vm9YX1p2VllLOXpKTU1uLWJTRUVxdUVlZmxCZ2trTjk4VHpKOE42bUtzSkVmOWV5bUZTbG1OSnFIZFFvemtCODQ?oc=5\" target=\"_blank\" rel=\"nofollow noopener\">Nyheter fr\u00e5n dagen: 7 januari<\/a>&nbsp;&nbsp;SVT Nyheter<\/li>\n<li><a href=\"https:\/\/news.google.com\/rss\/articles\/CBMigAFBVV95cUxQQ0tJV2QtMGQyLXhwWnNBa2gwdURVam5ucVFvc3RRd3RGTVRrYloxYWZWY1AydlBhN2hONzFVVUpNNTEwMUEzaVFNdHNrd0Q3NnVvS2t3WFdTVklQSWw0QzRPejZmZDhVOTFfUEJ3aV9iZldNZERBanIzajNtSmwyaA?oc=5\" target=\"_blank\" rel=\"nofollow noopener\">Kylig guldback i kortbyxor: \u201dJag har varma strumpor\u201d<\/a>&nbsp;&nbsp;Blekinge L\u00e4ns Tidning<\/li>\n<li><a href=\"https:\/\/news.google.com\/rss\/articles\/CBMisgFBVV95cUxPSFhBVVp4NXh1V2pqdDRjZ29xNWlmZ2FkVnFvbnN5MTVmb1dkY2JMdE50YzBzLXZ2VkVxU3JqSm9IWTBSMlM1U0NqMFdyUE54bFZJZi11c0IxOGpvVG5sSktIOXhENkl6cVNwUnFNVjYxRkNwbmdjVDZEZ3cteU1Db0tLZFlPczZTOVFhR1ZabGdBT0xYZUtVY0VWNEpzYU4xMzJjaDFUWmY0TGFBemtUU1VR?oc=5\" target=\"_blank\" rel=\"nofollow noopener\">DIREKT: M\u00e4starna laddar om \u2013 vi direkts\u00e4nde \u00e5rets f\u00f6rsta tr\u00e4ning<\/a>&nbsp;&nbsp;Kristianstadsbladet<\/li>\n<li><a href=\"https:\/\/news.google.com\/rss\/articles\/CBMinwFBVV95cUxPY2lvemE2aEM1d2JHTzZkY1d3YXFrdzd5NmhLWnYwajUzS01HbmFQcW9nSnBfYkZ3ZFRVeG50OFFqaXhNVmJkWjJlTC12THNrcEZHZWotRkFYNGdIcFVZSjF4aFU5TzQwaFVKWVhQLUdKaG5pTi0zRTdiNU5CSTlNOXhfX1d0TlVRbHdJQ0l4RVF0eFJzY3VWYk5peXdqV0E?oc=5\" target=\"_blank\" rel=\"nofollow noopener\">Succ\u00e9laget tillbaka \u2013 till fyrverkerier<\/a>&nbsp;&nbsp;GP<\/li>\n<\/ol>\n","protected":false},"excerpt":{"rendered":"Guldtr\u00e4naren g\u00e4stade Sk\u00f6vde: \u201dOerh\u00f6rt v\u00e4rdefullt\u201d&nbsp;&nbsp;SLA Nyheter fr\u00e5n dagen: 7 januari&nbsp;&nbsp;SVT Nyheter Kylig guldback i kortbyxor: \u201dJag har varma&hellip;\n","protected":false},"author":2,"featured_media":131759,"comment_status":"","ping_status":"","sticky":false,"template":"","format":"standard","meta":{"footnotes":""},"categories":[68],"tags":[34,111,110,31,33,32,30],"class_list":{"0":"post-131758","1":"post","2":"type-post","3":"status-publish","4":"format-standard","5":"has-post-thumbnail","7":"category-sport","8":"tag-se","9":"tag-sport","10":"tag-sports","11":"tag-svenska","12":"tag-sverige","13":"tag-sweden","14":"tag-swedish"},"share_on_mastodon":{"url":"https:\/\/pubeurope.com\/@se\/115872238355745156","error":""},"_links":{"self":[{"href":"https:\/\/www.europesays.com\/se\/wp-json\/wp\/v2\/posts\/131758","targetHints":{"allow":["GET"]}}],"collection":[{"href":"https:\/\/www.europesays.com\/se\/wp-json\/wp\/v2\/posts"}],"about":[{"href":"https:\/\/www.europesays.com\/se\/wp-json\/wp\/v2\/types\/post"}],"author":[{"embeddable":true,"href":"https:\/\/www.europesays.com\/se\/wp-json\/wp\/v2\/users\/2"}],"replies":[{"embeddable":true,"href":"https:\/\/www.europesays.com\/se\/wp-json\/wp\/v2\/comments?post=131758"}],"version-history":[{"count":0,"href":"https:\/\/www.europesays.com\/se\/wp-json\/wp\/v2\/posts\/131758\/revisions"}],"wp:featuredmedia":[{"embeddable":true,"href":"https:\/\/www.europesays.com\/se\/wp-json\/wp\/v2\/media\/131759"}],"wp:attachment":[{"href":"https:\/\/www.europesays.com\/se\/wp-json\/wp\/v2\/media?parent=131758"}],"wp:term":[{"taxonomy":"category","embeddable":true,"href":"https:\/\/www.europesays.com\/se\/wp-json\/wp\/v2\/categories?post=131758"},{"taxonomy":"post_tag","embeddable":true,"href":"https:\/\/www.europesays.com\/se\/wp-json\/wp\/v2\/tags?post=131758"}],"curies":[{"name":"wp","href":"https:\/\/api.w.org\/{rel}","templated":true}]}}