{"id":131761,"date":"2026-01-10T18:40:06","date_gmt":"2026-01-10T18:40:06","guid":{"rendered":"https:\/\/www.europesays.com\/se\/131761\/"},"modified":"2026-01-10T18:40:06","modified_gmt":"2026-01-10T18:40:06","slug":"anger-och-sundling-vann-nar-sprinten-avgjordes-i-falun","status":"publish","type":"post","link":"https:\/\/www.europesays.com\/se\/131761\/","title":{"rendered":"Anger och Sundling vann n\u00e4r sprinten avgjordes i Falun"},"content":{"rendered":"<p class=\"normal\">I herrarnas final var Edvin Anger den stora favoriten. Trots att han t\u00e4vlade p\u00e5 l\u00e5nade skidor visade \u00c5sarna IK-\u00e5karen ingen tvekan. Anger var snabbast i finalen och tog segern efter ett lopp i h\u00f6gt tempo.<\/p>\n<p class=\"normal\">\u2013 Det var full fart i finalen, det \u00e4r sk\u00f6nt att det fungerar trots att jag precis k\u00f6rt en tour och inte \u00e4r i slag, s\u00e4ger Anger till Expressen efter loppet.<\/p>\n<p class=\"normal\">Bakom Anger blev det en j\u00e4mn kamp om pallplatserna. Johan H\u00e4ggstr\u00f6m, Pite\u00e5 Elit SK, \u00e5kte in som tv\u00e5a, t\u00e4tt f\u00f6ljd av Jesper Persson, \u00c5sarna IK, p\u00e5 tredje plats. Emil Danielsson slutade fyra, George Ersson femma och Oskar Svensson sexa.<\/p>\n<p class=\"normal\"><strong>Herrar, sprint<\/strong><\/p>\n<ol class=\" env-text-list normal\">\n<li>Edvin Anger, \u00c5sarna IK, 3:04.55<\/li>\n<li>Johan H\u00e4ggstr\u00f6m, Pite\u00e5 Elit SK, +0.69<\/li>\n<li>Jesper Persson, \u00c5sarna IK, +0.90<\/li>\n<\/ol>\n<p class=\"normal\">I damernas sprintfinal var det tidigt tydligt vilka tv\u00e5 som skulle g\u00f6ra upp om segern. Jonna Sundling och Linn Svahn var i en klass f\u00f6r sig och skapade snabbt lucka till \u00f6vriga \u00e5kare.<\/p>\n<p class=\"normal\">I den avg\u00f6rande duellen var det Jonna Sundling som drog det l\u00e4ngsta str\u00e5et. Hon gick h\u00e5rt i finalen och kunde vinna med drygt tv\u00e5 sekunders marginal f\u00f6re Linn Svahn.<\/p>\n<p class=\"normal\">\u2013 Jonna gick p\u00e5 h\u00e5rt. Jag var inte riktigt beredd p\u00e5 det, och hon var stark i den sista, avg\u00f6rande backen, s\u00e4ger Svahn till Expressen.<\/p>\n<p class=\"normal\">Evelina Cr\u00fcsell tog tredjeplatsen, medan Elin Henriksson, Alicia Persson och Malin Oskarsson f\u00f6ljde d\u00e4refter.<\/p>\n<p class=\"normal\"><strong>Damer, sprint<\/strong><\/p>\n<ol class=\" env-text-list normal\">\n<li>Jonna Sundling, Pite\u00e5 Elit SK, 3:28.98<\/li>\n<li>Linn Svahn, \u00d6stersunds SK, +2.08<\/li>\n<li>Evelina Cr\u00fcsell, Skellefte\u00e5 SK, +12.61<\/li>\n<\/ol>\n","protected":false},"excerpt":{"rendered":"I herrarnas final var Edvin Anger den stora favoriten. Trots att han t\u00e4vlade p\u00e5 l\u00e5nade skidor visade \u00c5sarna&hellip;\n","protected":false},"author":2,"featured_media":131762,"comment_status":"","ping_status":"","sticky":false,"template":"","format":"standard","meta":{"footnotes":""},"categories":[68],"tags":[34,111,110,31,33,32,30],"class_list":{"0":"post-131761","1":"post","2":"type-post","3":"status-publish","4":"format-standard","5":"has-post-thumbnail","7":"category-sport","8":"tag-se","9":"tag-sport","10":"tag-sports","11":"tag-svenska","12":"tag-sverige","13":"tag-sweden","14":"tag-swedish"},"share_on_mastodon":{"url":"https:\/\/pubeurope.com\/@se\/115872269813240577","error":""},"_links":{"self":[{"href":"https:\/\/www.europesays.com\/se\/wp-json\/wp\/v2\/posts\/131761","targetHints":{"allow":["GET"]}}],"collection":[{"href":"https:\/\/www.europesays.com\/se\/wp-json\/wp\/v2\/posts"}],"about":[{"href":"https:\/\/www.europesays.com\/se\/wp-json\/wp\/v2\/types\/post"}],"author":[{"embeddable":true,"href":"https:\/\/www.europesays.com\/se\/wp-json\/wp\/v2\/users\/2"}],"replies":[{"embeddable":true,"href":"https:\/\/www.europesays.com\/se\/wp-json\/wp\/v2\/comments?post=131761"}],"version-history":[{"count":0,"href":"https:\/\/www.europesays.com\/se\/wp-json\/wp\/v2\/posts\/131761\/revisions"}],"wp:featuredmedia":[{"embeddable":true,"href":"https:\/\/www.europesays.com\/se\/wp-json\/wp\/v2\/media\/131762"}],"wp:attachment":[{"href":"https:\/\/www.europesays.com\/se\/wp-json\/wp\/v2\/media?parent=131761"}],"wp:term":[{"taxonomy":"category","embeddable":true,"href":"https:\/\/www.europesays.com\/se\/wp-json\/wp\/v2\/categories?post=131761"},{"taxonomy":"post_tag","embeddable":true,"href":"https:\/\/www.europesays.com\/se\/wp-json\/wp\/v2\/tags?post=131761"}],"curies":[{"name":"wp","href":"https:\/\/api.w.org\/{rel}","templated":true}]}}