{"id":131765,"date":"2026-01-10T18:46:10","date_gmt":"2026-01-10T18:46:10","guid":{"rendered":"https:\/\/www.europesays.com\/se\/131765\/"},"modified":"2026-01-10T18:46:10","modified_gmt":"2026-01-10T18:46:10","slug":"manchester-citys-kross-gjorde-10-mal-i-fa-cupen","status":"publish","type":"post","link":"https:\/\/www.europesays.com\/se\/131765\/","title":{"rendered":"Manchester Citys kross \u2013 gjorde 10 (!) m\u00e5l i FA-cupen"},"content":{"rendered":"<p><a data-test-tag=\"internal-link\" href=\"https:\/\/www.aftonbladet.se\/av\/benjamin-hanafi\" class=\"hyperion-css-13ns1rr\" rel=\"nofollow noopener\" target=\"\" aria-label=\"Se alla artiklar av Benjamin Hanafi\"><img decoding=\"async\" class=\"image-asset hyperion-css-n6kkq1\" data-test-tag=\"image-asset\" src=\"https:\/\/www.europesays.com\/se\/wp-content\/uploads\/2026\/01\/1768070770_175_ed296fd6-161a-49a4-8ec7-d71c8d0a5a1b.png\"  alt=\"\"  loading=\"lazy\" fetchpriority=\"auto\" style=\"aspect-ratio:1900 \/ 1900\"\/><\/a><\/p>\n<p class=\"boxtextgrotesk-root_baa6 hyperion-css-1w346fg\">Uppdaterad 19.04 | Publicerad 17.56<\/p>\n<p>share-arrowDela<\/p>\n<p>unsaveSpara<\/p>\n<p>Lyssna p\u00e5 artikelnLyssna p\u00e5&#8230;<\/p>\n<p>expand-left<\/p>\n<p>helsk\u00e4rm<img decoding=\"async\" class=\"image-asset hyperion-css-u06ts1\" data-test-tag=\"image-asset\" src=\"https:\/\/www.europesays.com\/se\/wp-content\/uploads\/2026\/01\/6f52276e-2b2f-4f4c-8e1c-bb7c581b5799.jpeg\"  alt=\"Semenyo gjorde m\u00e5l i debuten f\u00f6r Manchester City.\"  loading=\"eager\" fetchpriority=\"high\" style=\"aspect-ratio:1900 \/ 1286\"\/>Semenyo gjorde m\u00e5l i debuten f\u00f6r Manchester City. Foto: Mark Thompson \/ Getty Images<\/p>\n<p class=\"hyperion-css-1shl3oz\" data-test-tag=\"lead-text\">Manchester City satte ner foten i FA-cupen.<\/p>\n<p class=\"hyperion-css-1shl3oz\" data-test-tag=\"lead-text\">Det blev seger med 10\u20131 (!) mot Exeter.<\/p>\n<p class=\"hyperion-css-1v9qo5x\">City st\u00e4llde upp med ett starkt lag i FA-cupens tredje runda.<\/p>\n<p class=\"hyperion-css-1v9qo5x\">Och det visade sig p\u00e5 resultattavlan.<\/p>\n<p class=\"hyperion-css-1v9qo5x\">Mot Exeter, som till vardags spelar i League One, blev det 10 m\u00e5l fram\u00e5t.<\/p>\n<p class=\"hyperion-css-1v9qo5x\">Enligt BBC var det f\u00f6rsta g\u00e5ngen sedan 1986 som ett engelskt lag gjorde 10 m\u00e5l i en t\u00e4vlingsmatch.<\/p>\n<p class=\"hyperion-css-1v9qo5x\">Antoine Semenyo presenterades som City-spelare under fredagen och fick en plats i startelvan direkt p\u00e5 l\u00f6rdagen<\/p>\n<p class=\"hyperion-css-1v9qo5x\">Ghananen svarade med ett s\u00e4tta dit 6\u20130-m\u00e5let.<\/p>\n<p class=\"hyperion-css-1v9qo5x\">Erling Haaland startade f\u00f6r City men byttes ut m\u00e5ll\u00f6s i paus vid st\u00e4llning 4\u20130.<\/p>\n<p>H\u00e4ndelserInb\u00f6rdes m\u00f6ten5 senasteLaguppst\u00e4llning<\/p>\n<p>Domare: Adam Herczeg<\/p>\n<ul class=\"eventperiod-eventList_faaa\">\n<li class=\"eventrow-eventRow_630f\">\n<p>12&#8242;<\/p>\n<\/li>\n<li class=\"eventrow-eventRow_630f\">\n<p>24&#8242;<\/p>\n<\/li>\n<li class=\"eventrow-eventRow_630f\">\n<p> <b>J. Doyle-Hayes\u00a0(3-0)\u00a0(sm)<\/b><\/p>\n<p>42&#8242;<\/p>\n<\/li>\n<li class=\"eventrow-eventRow_630f\">\n<p> <b>J. Fitzwater\u00a0(4-0)\u00a0(sm)<\/b><\/p>\n<p>45&#8217;+2<\/p>\n<\/li>\n<\/ul>\n<ul class=\"eventperiod-eventList_faaa\">\n<li class=\"eventrow-eventRow_630f\">\n<p>46&#8242;<\/p>\n<\/li>\n<li class=\"eventrow-eventRow_630f\">\n<p>A. Semenyo <b>R. Lewis\u00a0(5-0)\u00a0<\/b><\/p>\n<p>49&#8242;<\/p>\n<\/li>\n<li class=\"eventrow-eventRow_630f\">\n<p>R. Cherki <b>A. Semenyo\u00a0(6-0)\u00a0<\/b><\/p>\n<p>54&#8242;<\/p>\n<\/li>\n<li class=\"eventrow-eventRow_630f\">\n<p>59&#8242;<\/p>\n<p><b>C. Mendes Gomes<\/b>\u00a0J. Aitchison<\/p>\n<\/li>\n<li class=\"eventrow-eventRow_630f\">\n<p>63&#8242;<\/p>\n<\/li>\n<li class=\"eventrow-eventRow_630f\">\n<p>64&#8242;<\/p>\n<\/li>\n<li class=\"eventrow-eventRow_630f\">\n<p>J. Doku <b>T. Reijnders\u00a0(7-0)\u00a0<\/b><\/p>\n<p>71&#8242;<\/p>\n<\/li>\n<li class=\"eventrow-eventRow_630f\">\n<p>R. Lewis <b>N. O Reilly\u00a0(8-0)\u00a0<\/b><\/p>\n<p>79&#8242;<\/p>\n<\/li>\n<li class=\"eventrow-eventRow_630f\">\n<p>81&#8242;<\/p>\n<\/li>\n<li class=\"eventrow-eventRow_630f\">\n<p>82&#8242;<\/p>\n<\/li>\n<li class=\"eventrow-eventRow_630f\">\n<p>D. Mukasa <b>R. McAidoo\u00a0(9-0)\u00a0<\/b><\/p>\n<p>86&#8242;<\/p>\n<\/li>\n<li class=\"eventrow-eventRow_630f\">\n<p>90&#8242;<\/p>\n<\/li>\n<li class=\"eventrow-eventRow_630f\">\n<p>90&#8217;+1<\/p>\n<\/li>\n<\/ul>\n<p><a class=\"default eventsummary-followLink_0f93 hyperion-css-1u8qly9\" href=\"https:\/\/malservice.aftonbladet.se\/match\/_\/729865\/rapport\" target=\"_blank\" rel=\"noopener noreferrer nofollow\" data-test-tag=\"external-link\">L\u00e4s mer p\u00e5 M\u00e5lservicechevron-right<\/a><\/p>\n","protected":false},"excerpt":{"rendered":"Uppdaterad 19.04 | Publicerad 17.56 share-arrowDela unsaveSpara Lyssna p\u00e5 artikelnLyssna p\u00e5&#8230; expand-left helsk\u00e4rmSemenyo gjorde m\u00e5l i debuten f\u00f6r&hellip;\n","protected":false},"author":2,"featured_media":131766,"comment_status":"","ping_status":"","sticky":false,"template":"","format":"standard","meta":{"footnotes":""},"categories":[5],"tags":[22,23,26,27,17,21,24,25,28,29,15,16,18,34,31,33,32,30,19,20],"class_list":{"0":"post-131765","1":"post","2":"type-post","3":"status-publish","4":"format-standard","5":"has-post-thumbnail","7":"category-rubriker","8":"tag-breaking-news","9":"tag-breakingnews","10":"tag-featured-news","11":"tag-featurednews","12":"tag-headlines","13":"tag-huvudnyheter","14":"tag-latest-news","15":"tag-latestnews","16":"tag-main-news","17":"tag-mainnews","18":"tag-news","19":"tag-nyheter","20":"tag-rubriker","21":"tag-se","22":"tag-svenska","23":"tag-sverige","24":"tag-sweden","25":"tag-swedish","26":"tag-top-stories","27":"tag-topstories"},"share_on_mastodon":{"url":"https:\/\/pubeurope.com\/@se\/115872293411893900","error":""},"_links":{"self":[{"href":"https:\/\/www.europesays.com\/se\/wp-json\/wp\/v2\/posts\/131765","targetHints":{"allow":["GET"]}}],"collection":[{"href":"https:\/\/www.europesays.com\/se\/wp-json\/wp\/v2\/posts"}],"about":[{"href":"https:\/\/www.europesays.com\/se\/wp-json\/wp\/v2\/types\/post"}],"author":[{"embeddable":true,"href":"https:\/\/www.europesays.com\/se\/wp-json\/wp\/v2\/users\/2"}],"replies":[{"embeddable":true,"href":"https:\/\/www.europesays.com\/se\/wp-json\/wp\/v2\/comments?post=131765"}],"version-history":[{"count":0,"href":"https:\/\/www.europesays.com\/se\/wp-json\/wp\/v2\/posts\/131765\/revisions"}],"wp:featuredmedia":[{"embeddable":true,"href":"https:\/\/www.europesays.com\/se\/wp-json\/wp\/v2\/media\/131766"}],"wp:attachment":[{"href":"https:\/\/www.europesays.com\/se\/wp-json\/wp\/v2\/media?parent=131765"}],"wp:term":[{"taxonomy":"category","embeddable":true,"href":"https:\/\/www.europesays.com\/se\/wp-json\/wp\/v2\/categories?post=131765"},{"taxonomy":"post_tag","embeddable":true,"href":"https:\/\/www.europesays.com\/se\/wp-json\/wp\/v2\/tags?post=131765"}],"curies":[{"name":"wp","href":"https:\/\/api.w.org\/{rel}","templated":true}]}}