{"id":131767,"date":"2026-01-10T18:48:08","date_gmt":"2026-01-10T18:48:08","guid":{"rendered":"https:\/\/www.europesays.com\/se\/131767\/"},"modified":"2026-01-10T18:48:08","modified_gmt":"2026-01-10T18:48:08","slug":"femte-raka-forlusten-for-farjestad-ett-rejalt-antiklimax-vf","status":"publish","type":"post","link":"https:\/\/www.europesays.com\/se\/131767\/","title":{"rendered":"Femte raka f\u00f6rlusten f\u00f6r F\u00e4rjestad: \u201dEtt rej\u00e4lt antiklimax\u201d &#8211; VF"},"content":{"rendered":"<ol>\n<li><a href=\"https:\/\/news.google.com\/rss\/articles\/CBMilwFBVV95cUxOVmVCUG5zUG96SmsxOEVBN2U3ZUZLY0dpdDQyLUxBbmF2NThxVW9zakRXQlFMaHhlQ01qZWRaRW1jZGZJcTdqOHk4S1VsZDJwczlfZl9YMkxjR2lPUUVUQ2JXOTBhdjhfcmp1NzJqT1BaMmtJTWpCZVhIYWlJajQ1RV9BTElYRk9WcldmeFdRZ21FWXBNQ1o4?oc=5\" target=\"_blank\" rel=\"nofollow noopener\">Femte raka f\u00f6rlusten f\u00f6r F\u00e4rjestad: \u201dEtt rej\u00e4lt antiklimax\u201d<\/a>&nbsp;&nbsp;VF<\/li>\n<li><a href=\"https:\/\/news.google.com\/rss\/articles\/CBMinwFBVV95cUxNdFlzT2oxRUk1RlRKMDlHRGwtN1FVUktob3V2RTZicVpJY3VrTmw4QzRqc1I2WWJ4MVlWemZqYncwODkwZHRvVjFrRjhNa3BTWXM4eGd1aFE4Mk1GUVpjMkNYN3dUY2dWY1RwSjNDVGFxc2RVbGNJUVB2cFNqV2xGSTVvVkFxN1NvTFg0aENqWjEyaHV4ZG04OE1wVFNiYW8?oc=5\" target=\"_blank\" rel=\"nofollow noopener\">Skr\u00e4ckstart f\u00f6r F\u00e4rjestad efter tr\u00e4narbytet<\/a>&nbsp;&nbsp;aftonbladet.se<\/li>\n<li><a href=\"https:\/\/news.google.com\/rss\/articles\/CBMinwFBVV95cUxORHZnRHhNb0VicGNpd0tRNzRybjVZQmg2U2FmbVRoZ3lQcjFBYU95S2JZQUdHbVVDbEI4ZDZqNHJQLU9xQl82bkVZaGtTM3F5S2xiOVBzZmtIVXltbTJLdXlmY09SeFV4NS0xVnBJNlpEZjBVS2E0OUFhYnFSTUZfNmJSMS1hVjI1akV2d3pxeFVteWtFNV95N21mZGJfRVk?oc=5\" target=\"_blank\" rel=\"nofollow noopener\">Sk\u00e4lldes ut: \u201dDet \u00e4r en bajsmacka\u201d<\/a>&nbsp;&nbsp;Expressen<\/li>\n<li><a href=\"https:\/\/news.google.com\/rss\/articles\/CBMidEFVX3lxTFBxNE9YTEVWblNxdUNkY2QxNlVMZUpMQjM1a3ZCNU5qZ1J3VzQwcm9hNWNjTHZnV1pXazFnRkZsWklaLUdqaVZUdFlSN0xEa2FvUDZjeGJNbGs4U0N4MzVHQkJWRTVncXRjZWMyNm95TXFVZ3Rl?oc=5\" target=\"_blank\" rel=\"nofollow noopener\">Ishockey: F\u00e4rjestad sparkar J\u00f6rgen J\u00f6nsson<\/a>&nbsp;&nbsp;SVT Nyheter<\/li>\n<li><a href=\"https:\/\/news.google.com\/rss\/articles\/CBMitwFBVV95cUxOVXJJa190aXc1YXcxVERKbTF6NW9hVkpXeFRoaEZBZVFqMmxpNGl1LUpibl82bE9ibm9TdWNMZUY4VnhYY0ZkSWFGTWlyMHV3SnNtb0VkZDN1NlpXZUE1UllBYndsUUtSTm5lX0d3NGJFX0JfZlpPdWdYYy1Da2wwaGF1Vk9sQ091dU1RSTNlQUkwd2kwY2FlX0s5ODZxXzlBNTcyalRPVmgxVkRhc1dkZWZiaTF2Qzg?oc=5\" target=\"_blank\" rel=\"nofollow noopener\">FBK-bossens starka ord kring kritiken mot J\u00f6nsson i h\u00f6st: \u201dOm\u00e4nskligt och ov\u00e4rdigt\u201d<\/a>&nbsp;&nbsp;VF<\/li>\n<\/ol>\n","protected":false},"excerpt":{"rendered":"Femte raka f\u00f6rlusten f\u00f6r F\u00e4rjestad: \u201dEtt rej\u00e4lt antiklimax\u201d&nbsp;&nbsp;VF Skr\u00e4ckstart f\u00f6r F\u00e4rjestad efter tr\u00e4narbytet&nbsp;&nbsp;aftonbladet.se Sk\u00e4lldes ut: \u201dDet \u00e4r en&hellip;\n","protected":false},"author":2,"featured_media":131768,"comment_status":"","ping_status":"","sticky":false,"template":"","format":"standard","meta":{"footnotes":""},"categories":[68],"tags":[34,111,110,31,33,32,30],"class_list":{"0":"post-131767","1":"post","2":"type-post","3":"status-publish","4":"format-standard","5":"has-post-thumbnail","7":"category-sport","8":"tag-se","9":"tag-sport","10":"tag-sports","11":"tag-svenska","12":"tag-sverige","13":"tag-sweden","14":"tag-swedish"},"share_on_mastodon":{"url":"https:\/\/pubeurope.com\/@se\/115872301269366822","error":""},"_links":{"self":[{"href":"https:\/\/www.europesays.com\/se\/wp-json\/wp\/v2\/posts\/131767","targetHints":{"allow":["GET"]}}],"collection":[{"href":"https:\/\/www.europesays.com\/se\/wp-json\/wp\/v2\/posts"}],"about":[{"href":"https:\/\/www.europesays.com\/se\/wp-json\/wp\/v2\/types\/post"}],"author":[{"embeddable":true,"href":"https:\/\/www.europesays.com\/se\/wp-json\/wp\/v2\/users\/2"}],"replies":[{"embeddable":true,"href":"https:\/\/www.europesays.com\/se\/wp-json\/wp\/v2\/comments?post=131767"}],"version-history":[{"count":0,"href":"https:\/\/www.europesays.com\/se\/wp-json\/wp\/v2\/posts\/131767\/revisions"}],"wp:featuredmedia":[{"embeddable":true,"href":"https:\/\/www.europesays.com\/se\/wp-json\/wp\/v2\/media\/131768"}],"wp:attachment":[{"href":"https:\/\/www.europesays.com\/se\/wp-json\/wp\/v2\/media?parent=131767"}],"wp:term":[{"taxonomy":"category","embeddable":true,"href":"https:\/\/www.europesays.com\/se\/wp-json\/wp\/v2\/categories?post=131767"},{"taxonomy":"post_tag","embeddable":true,"href":"https:\/\/www.europesays.com\/se\/wp-json\/wp\/v2\/tags?post=131767"}],"curies":[{"name":"wp","href":"https:\/\/api.w.org\/{rel}","templated":true}]}}