{"id":131773,"date":"2026-01-10T18:54:09","date_gmt":"2026-01-10T18:54:09","guid":{"rendered":"https:\/\/www.europesays.com\/se\/131773\/"},"modified":"2026-01-10T18:54:09","modified_gmt":"2026-01-10T18:54:09","slug":"johans-pappa-kaj-80-ar-lamnades-ute-i-kylan-en-hel-natt-for-javligt","status":"publish","type":"post","link":"https:\/\/www.europesays.com\/se\/131773\/","title":{"rendered":"Johans pappa Kaj, 80 \u00e5r, l\u00e4mnades ute i kylan en hel natt: \u201dF\u00f6r j\u00e4vligt\u201d"},"content":{"rendered":"<p>Det var i onsdags kv\u00e4ll som 80-\u00e5rige Kaj fr\u00e5n Kungsbacka \u00e5kte med en sjuktaxi hem fr\u00e5n ett sjukhusbes\u00f6k i Varberg. <\/p>\n<p>\u2013 Han blir avsl\u00e4ppt ett par meter utanf\u00f6r entr\u00e9n utan att bli hj\u00e4lpt in. Han f\u00f6rs\u00f6ker ringa men mobilen d\u00f6r, ber\u00e4ttar sonen Johan Hake f\u00f6r SVT.<\/p>\n<p>Satt ute hela natten<\/p>\n<p>Boendet ska enligt Johan inte ha f\u00e5tt information om att Kaj skulle komma tillbaka under kv\u00e4llen, och det var f\u00f6rst p\u00e5 morgonen som personal hittade honom nedkyld utanf\u00f6r entr\u00e9n. P\u00e5 fredagen blev han \u00e5ter f\u00f6rd till sjukhus med h\u00f6g feber och lunginflammation. <\/p>\n<p>\u2013 Han \u00e4r medtagen men det \u00e4r en st\u00e5lgubbe som s\u00e4ger att det inte \u00e4r n\u00e5gon fara, s\u00e4ger Johan Hake, som \u00e4r kritisk till att hans pappa Kaj inte blev hj\u00e4lpt in. <\/p>\n<p>\u2013 Man sl\u00e4pper inte en \u00e4ldre m\u00e4nniska i det v\u00e4dret utan man f\u00e5r ju se till att n\u00e5gon tar emot.<\/p>\n<p>H\u00e4ndelsen utreds<\/p>\n<p>SVT Nyheter Halland s\u00f6ker Hallandstrafiken f\u00f6r en kommentar. <\/p>\n<p>Till <a href=\"https:\/\/www.kungsbackaposten.se\/nyheter\/kaj-80-blev-sittande-i-kraftiga-snofallet-utanfor-aldreboendet-en-hel-natt.45fd2cb5-9368-461a-a9ae-8c0f890551a2\" rel=\"nofollow noopener\" target=\"_blank\">Kungsbacka-Posten<\/a> s\u00e4ger Daniel Bernhardt, verksamhetschef f\u00f6r s\u00e4rskild kollektivtrafik, att han beklagar det som h\u00e4nt och att h\u00e4ndelsen utreds.<\/p>\n<p>\u2013 Chauff\u00f6ren \u00e4r avst\u00e4ngd och vi och trafikf\u00f6retaget f\u00f6r samtal om hur vi g\u00e5r in djupare med \u00e4rendet, s\u00e4ger Daniel Bernhardt, till tidningen.<\/p>\n","protected":false},"excerpt":{"rendered":"Det var i onsdags kv\u00e4ll som 80-\u00e5rige Kaj fr\u00e5n Kungsbacka \u00e5kte med en sjuktaxi hem fr\u00e5n ett sjukhusbes\u00f6k&hellip;\n","protected":false},"author":2,"featured_media":131774,"comment_status":"","ping_status":"","sticky":false,"template":"","format":"standard","meta":{"footnotes":""},"categories":[5],"tags":[22,23,26,27,17,21,24,25,28,29,15,16,18,34,31,33,32,30,19,20],"class_list":{"0":"post-131773","1":"post","2":"type-post","3":"status-publish","4":"format-standard","5":"has-post-thumbnail","7":"category-rubriker","8":"tag-breaking-news","9":"tag-breakingnews","10":"tag-featured-news","11":"tag-featurednews","12":"tag-headlines","13":"tag-huvudnyheter","14":"tag-latest-news","15":"tag-latestnews","16":"tag-main-news","17":"tag-mainnews","18":"tag-news","19":"tag-nyheter","20":"tag-rubriker","21":"tag-se","22":"tag-svenska","23":"tag-sverige","24":"tag-sweden","25":"tag-swedish","26":"tag-top-stories","27":"tag-topstories"},"share_on_mastodon":{"url":"https:\/\/pubeurope.com\/@se\/115872324880589920","error":""},"_links":{"self":[{"href":"https:\/\/www.europesays.com\/se\/wp-json\/wp\/v2\/posts\/131773","targetHints":{"allow":["GET"]}}],"collection":[{"href":"https:\/\/www.europesays.com\/se\/wp-json\/wp\/v2\/posts"}],"about":[{"href":"https:\/\/www.europesays.com\/se\/wp-json\/wp\/v2\/types\/post"}],"author":[{"embeddable":true,"href":"https:\/\/www.europesays.com\/se\/wp-json\/wp\/v2\/users\/2"}],"replies":[{"embeddable":true,"href":"https:\/\/www.europesays.com\/se\/wp-json\/wp\/v2\/comments?post=131773"}],"version-history":[{"count":0,"href":"https:\/\/www.europesays.com\/se\/wp-json\/wp\/v2\/posts\/131773\/revisions"}],"wp:featuredmedia":[{"embeddable":true,"href":"https:\/\/www.europesays.com\/se\/wp-json\/wp\/v2\/media\/131774"}],"wp:attachment":[{"href":"https:\/\/www.europesays.com\/se\/wp-json\/wp\/v2\/media?parent=131773"}],"wp:term":[{"taxonomy":"category","embeddable":true,"href":"https:\/\/www.europesays.com\/se\/wp-json\/wp\/v2\/categories?post=131773"},{"taxonomy":"post_tag","embeddable":true,"href":"https:\/\/www.europesays.com\/se\/wp-json\/wp\/v2\/tags?post=131773"}],"curies":[{"name":"wp","href":"https:\/\/api.w.org\/{rel}","templated":true}]}}