{"id":131777,"date":"2026-01-10T18:56:20","date_gmt":"2026-01-10T18:56:20","guid":{"rendered":"https:\/\/www.europesays.com\/se\/131777\/"},"modified":"2026-01-10T18:56:20","modified_gmt":"2026-01-10T18:56:20","slug":"dramatiska-scener-i-helsingfors-trots-slagsmal-och-skadad-malvakt-tog-hifk-en-hemmaseger-over-ilves-sport","status":"publish","type":"post","link":"https:\/\/www.europesays.com\/se\/131777\/","title":{"rendered":"Dramatiska scener i Helsingfors \u2013 trots slagsm\u00e5l och skadad m\u00e5lvakt tog HIFK en hemmaseger \u00f6ver Ilves | Sport"},"content":{"rendered":"<p class=\"aw-1gybjub aw-5vja16 kEtdKx kmuxyA yle__article__paragraph\">Under fredagen spelades sju matcher i herrarnas FM-liga i ishockey. Den mest dramatiska av dem utspelade sig i huvudstaden.<\/p>\n<p><img decoding=\"async\" alt=\"HIFK:s m\u00e5lvakt Hugo Alnefelt b\u00e4rs ut p\u00e5 b\u00e5r efter att ha kolliderat med en spelare.\" src=\"https:\/\/www.europesays.com\/se\/wp-content\/uploads\/2026\/01\/39-15794436961453d6198e.jpeg\" class=\"aw-1l9m598 hKVVvP\"\/><\/p>\n<p>\u00d6ppna bildvisare<\/p>\n<p>Hugo Alnefelt visade tummen upp p\u00e5 v\u00e4gen ut. Bild: Roni Rekomaa \/ LehtikuvaLyssna (du h\u00f6r en artificiell r\u00f6st) 3:18<\/p>\n<p class=\"aw-1gybjub aw-1p7kakr kEtdKx cEmitX yle__article__paragraph\">I Helsingfors fick matchen mellan HIFK och g\u00e4stande Ilves en dramatisk inledning.<\/p>\n<p class=\"aw-1gybjub aw-1p7kakr kEtdKx cEmitX yle__article__paragraph\">Knappt sex minuter in i matchen r\u00e5kade HIFK:s m\u00e5lvakt Hugo Alnefelt ut f\u00f6r en sm\u00e4ll d\u00e5 g\u00e4sternas Teemu Engberg kolliderade med den svenska spelaren. Engbergs h\u00f6ft eller l\u00e5r tr\u00e4ffade Alnefelt i huvudet, vilket resulterade i en rej\u00e4l krock.<\/p>\n<p class=\"aw-1gybjub aw-1p7kakr kEtdKx cEmitX yle__article__paragraph\">Alnefelt v\u00e5rdades l\u00e4nge p\u00e5 isen innan han bars ut p\u00e5 b\u00e5r. HIFK-m\u00e5lvakten visade tummen upp p\u00e5 v\u00e4gen ut.<\/p>\n<p class=\"aw-1gybjub aw-1p7kakr kEtdKx cEmitX yle__article__paragraph\">Drygt tre minuter senare utbr\u00f6t br\u00e5k mellan Ilves Teemu Engberg och HIFK:s Sean Josling. B\u00e5da spelarna tilldelades matchstraff.<\/p>\n<p><img decoding=\"async\" alt=\"Sean Josling och Teemu Engberg sl\u00e5ss.\" src=\"https:\/\/www.europesays.com\/se\/wp-content\/uploads\/2026\/01\/39-1579444696145bf8289c.jpeg\" loading=\"lazy\" class=\"aw-1l9m598 hKVVvP\"\/><\/p>\n<p>\u00d6ppna bildvisare<\/p>\n<p>Det gick hett till mellan Sean Josling och Teemu Engberg. Bild: Roni Rekomaa \/ Lehtikuva<\/p>\n<p class=\"aw-1gybjub aw-1p7kakr kEtdKx cEmitX yle__article__paragraph\">HIFK vann matchen med 1\u20130. Petr Kodytek gjorde matchen enda m\u00e5l i den andra perioden.<\/p>\n<p class=\"aw-1gybjub aw-1p7kakr kEtdKx cEmitX yle__article__paragraph\">Helsingforslaget ligger p\u00e5 tionde plats i tabellen.<\/p>\n<p>Spelarnyheter fr\u00e5n Tammerfors<\/p>\n<p class=\"aw-1gybjub aw-1p7kakr kEtdKx cEmitX yle__article__paragraph\">I Tammerfors r\u00e5dde m\u00e5lkalas d\u00e5 Tappara vann med 6\u20132 \u00f6ver g\u00e4stande \u00c4ss\u00e4t.<\/p>\n<p class=\"aw-1gybjub aw-1p7kakr kEtdKx cEmitX yle__article__paragraph\">Under matchen kungjorde Tammerforslaget en spelarnyhet d\u00e5 man meddelade att den danska anfallaren Joachim Blichfeld f\u00f6rl\u00e4nger sitt kontrakt. Det nya kontraktet utg\u00e5r v\u00e5ren 2028.<\/p>\n<p class=\"aw-1gybjub aw-1p7kakr kEtdKx cEmitX yle__article__paragraph\">Blichfeld har varit effektiv under s\u00e4songen och har under 37 matcher noteras f\u00f6r 21 m\u00e5l och 26 assist, vilket placerar honom p\u00e5 andra plats i po\u00e4ngligan.<\/p>\n<p class=\"aw-1gybjub aw-1p7kakr kEtdKx cEmitX yle__article__paragraph\">I och med segern beh\u00e5ller Tappara sin ledning i tabellen. Lukko, som ocks\u00e5 inkasserade en seger under fredagen, ligger tv\u00e5a. Lukko besegrade K\u00e4rp\u00e4t med 4\u20131 p\u00e5 hemmaplan.<\/p>\n<p>F\u00f6rlust f\u00f6r Sport<\/p>\n<p class=\"aw-1gybjub aw-1p7kakr kEtdKx cEmitX yle__article__paragraph\">I Kuopio tog KalPa en knapp hemmaseger d\u00e5 Sport g\u00e4stade. Vasalaget ledde \u00e4nnu d\u00e5 matchen var halvv\u00e4gs men sedan tog hemmalaget kommandot.<\/p>\n<p class=\"aw-1gybjub aw-1p7kakr kEtdKx cEmitX yle__article__paragraph\">Med tolv minuter kvar av matchen ledde KalPa med 4\u20132 men Sport snyggade till siffrorna n\u00e5gra minuter senare genom m\u00e5l av Miika Tiihonen. Kuopiolaget vann med 4\u20133.<\/p>\n<p class=\"aw-1gybjub aw-1p7kakr kEtdKx cEmitX yle__article__paragraph\">KalPa beh\u00e5ller sin \u00e5ttonde plats i tabellen medan Sport befinner sig p\u00e5 16:e plats.<\/p>\n<p class=\"aw-1gybjub aw-1p7kakr kEtdKx cEmitX yle__article__paragraph\">I kv\u00e4llens \u00f6vriga matcher tog HPK, KooKoo och TPS hem full pott.<\/p>\n<p>Resultat<\/p>\n<p class=\"aw-1gybjub aw-1p7kakr kEtdKx cEmitX yle__article__paragraph\">HPK\u2013Kiekko-Espoo 2\u20130 (0\u20130, 1\u20130, 1\u20130)<\/p>\n<p class=\"aw-1gybjub aw-1p7kakr kEtdKx cEmitX yle__article__paragraph\">KalPa\u2013Sport 4\u20133 (1\u20132, 1\u20130, 2\u20131)<\/p>\n<p class=\"aw-1gybjub aw-1p7kakr kEtdKx cEmitX yle__article__paragraph\">KooKoo\u2013JYP 6\u20131 (0\u20130, 3\u20130, 3\u20131)<\/p>\n<p class=\"aw-1gybjub aw-1p7kakr kEtdKx cEmitX yle__article__paragraph\">Lukko\u2013K\u00e4rp\u00e4t 4\u20131 (0\u20130, 2\u20130, 2\u20131)<\/p>\n<p class=\"aw-1gybjub aw-1p7kakr kEtdKx cEmitX yle__article__paragraph\">SaiPa\u2013TPS 1\u20134 (1\u20131, 0\u20131, 0\u20132)<\/p>\n<p class=\"aw-1gybjub aw-1p7kakr kEtdKx cEmitX yle__article__paragraph\">Tappara\u2013\u00c4ss\u00e4t 6\u20132 (2\u20131, 3\u20130, 1\u20131)<\/p>\n<p class=\"aw-1gybjub aw-1p7kakr kEtdKx cEmitX yle__article__paragraph\">HIFK\u2013Ilves 1\u20130 (0\u20130, 1\u20130, 0\u20130)<\/p>\n","protected":false},"excerpt":{"rendered":"Under fredagen spelades sju matcher i herrarnas FM-liga i ishockey. Den mest dramatiska av dem utspelade sig i&hellip;\n","protected":false},"author":2,"featured_media":131778,"comment_status":"","ping_status":"","sticky":false,"template":"","format":"standard","meta":{"footnotes":""},"categories":[68],"tags":[13470,13464,13466,13472,13465,1472,13467,13471,13468,34,111,110,31,33,32,30,13473,13469,579],"class_list":{"0":"post-131777","1":"post","2":"type-post","3":"status-publish","4":"format-standard","5":"has-post-thumbnail","7":"category-sport","8":"tag-assat","9":"tag-fm-ligan-i-ishockey","10":"tag-hifk-hockey","11":"tag-hugo-alnefelt","12":"tag-ilves-ishockey-herrar","13":"tag-ishockey","14":"tag-kalpa","15":"tag-kookoo","16":"tag-rauman-lukko","17":"tag-se","18":"tag-sport","19":"tag-sports","20":"tag-svenska","21":"tag-sverige","22":"tag-sweden","23":"tag-swedish","24":"tag-teemu-engberg","25":"tag-vasa-sport","26":"tag-yle-sporten"},"share_on_mastodon":{"url":"https:\/\/pubeurope.com\/@se\/115872332979925691","error":""},"_links":{"self":[{"href":"https:\/\/www.europesays.com\/se\/wp-json\/wp\/v2\/posts\/131777","targetHints":{"allow":["GET"]}}],"collection":[{"href":"https:\/\/www.europesays.com\/se\/wp-json\/wp\/v2\/posts"}],"about":[{"href":"https:\/\/www.europesays.com\/se\/wp-json\/wp\/v2\/types\/post"}],"author":[{"embeddable":true,"href":"https:\/\/www.europesays.com\/se\/wp-json\/wp\/v2\/users\/2"}],"replies":[{"embeddable":true,"href":"https:\/\/www.europesays.com\/se\/wp-json\/wp\/v2\/comments?post=131777"}],"version-history":[{"count":0,"href":"https:\/\/www.europesays.com\/se\/wp-json\/wp\/v2\/posts\/131777\/revisions"}],"wp:featuredmedia":[{"embeddable":true,"href":"https:\/\/www.europesays.com\/se\/wp-json\/wp\/v2\/media\/131778"}],"wp:attachment":[{"href":"https:\/\/www.europesays.com\/se\/wp-json\/wp\/v2\/media?parent=131777"}],"wp:term":[{"taxonomy":"category","embeddable":true,"href":"https:\/\/www.europesays.com\/se\/wp-json\/wp\/v2\/categories?post=131777"},{"taxonomy":"post_tag","embeddable":true,"href":"https:\/\/www.europesays.com\/se\/wp-json\/wp\/v2\/tags?post=131777"}],"curies":[{"name":"wp","href":"https:\/\/api.w.org\/{rel}","templated":true}]}}