{"id":131779,"date":"2026-01-10T18:57:31","date_gmt":"2026-01-10T18:57:31","guid":{"rendered":"https:\/\/www.europesays.com\/se\/131779\/"},"modified":"2026-01-10T18:57:31","modified_gmt":"2026-01-10T18:57:31","slug":"de-15-mest-lovande-nya-tv-serierna-som-slapps-under-2026","status":"publish","type":"post","link":"https:\/\/www.europesays.com\/se\/131779\/","title":{"rendered":"De 15 mest lovande nya tv-serierna som sl\u00e4pps under 2026"},"content":{"rendered":"<p>Det \u00e4r inte helt l\u00e4tt att h\u00e5lla koll p\u00e5 alla nya tv-serier som sl\u00e4pps. S\u00e4rskilt inte n\u00e4r nya s\u00e4songer av popul\u00e4ra titlar som \u201dEuphoria\u201d, \u201dHouse of the Dragon\u201d, \u201dBeef\u201d, \u201dParadise\u201d, \u201dTed Lasso\u201d, \u201dThe Pitt\u201d, \u201dIndustry\u201d, \u201dThe Lincoln Lawyer\u201d eller den tredje s\u00e4songen av <strong>David Attenboroughs<\/strong> \u201dBlue Planet III\u201d (karl fyller f\u00f6r tusan 100 \u00e5r i \u00e5r!) sl\u00e4pps i samma veva.<\/p>\n<p>I den h\u00e4r artikeln har jag d\u00e4rf\u00f6r f\u00f6rs\u00f6kt lyfta fram de femton helt nya tv-serier som jag alla tror kan ha potential att utmana p\u00e5 min topplista i slutet av \u00e5ret, n\u00e4r det har blivit dags att summera 2026. Jag har \u00e4ven f\u00f6rs\u00f6kt att inte ta allt f\u00f6r m\u00e5nga ur samma genre, s\u00e5 det f\u00f6rhoppningsvis ska finnas n\u00e5got f\u00f6r alla att se fram emot h\u00e4r nedan!<\/p>\n<p>\u201dA Knight of the Seven Kingdoms\u201d (HBO Max) \u2013 19 januari<\/p>\n<p><img loading=\"lazy\" decoding=\"async\" alt=\"YouTube video\" width=\"480\" height=\"360\" data-pin-nopin=\"true\" nopin=\"nopin\" class=\"perfmatters-lazy\" src=\"https:\/\/www.europesays.com\/se\/wp-content\/uploads\/2025\/12\/1767185048_412_hqdefault.jpg\"\/><\/p>\n<p>Det g\u00e5r givetvis inte att l\u00e4mna \u00e5rets f\u00f6rsta riktigt stora tv-event. Det har blivit dags att ge sig tillbaka in i <strong>George R.R. Martins<\/strong> v\u00e4rld i en serie som utspelar sig tidsm\u00e4ssigt mitt i mellan \u201dHouse of the Dragon\u201d och \u201dGame of Thrones\u201d. Den h\u00e4r g\u00e5ngen r\u00f6r det sig d\u00e4remot om n\u00e5got avsev\u00e4rt mer avskalat, b\u00e5de tidsm\u00e4ssigt (vi f\u00e5r sex avsnitt p\u00e5 dryga halvtimman vardera) och i antal karakt\u00e4rer vi f\u00f6ljer.<\/p>\n<p>Handlingen kommer kort och gott l\u00e5ta oss l\u00e4ra k\u00e4nna den unga, men l\u00e5nga, riddaren Ser Duncan the Tall n\u00e4r han beger sig till sin f\u00f6rsta turnering. P\u00e5 v\u00e4gen dit m\u00f6ter han en ung pojke som kallas f\u00f6r Egg, vars h\u00f6gsta \u00f6nskan \u00e4r att f\u00e5 bli v\u00e4pnare till en riktigt riddare. Nu har jag visserligen ett embargo att f\u00f6rh\u00e5lla mig till (som sl\u00e4pps n\u00e4sta vecka n\u00e4r min fulla recension kommer ut) men faktumet att jag lyfter fram serien som en av \u00e5rets femton b\u00e4sta f\u00e5r v\u00e4l tala f\u00f6r sig sj\u00e4lv\u2026<\/p>\n<p>\u201dThe Beauty\u201d (Disney+) \u2013 22 januari<\/p>\n<p><img loading=\"lazy\" decoding=\"async\" alt=\"YouTube video\" width=\"480\" height=\"360\" data-pin-nopin=\"true\" nopin=\"nopin\" class=\"perfmatters-lazy\" src=\"https:\/\/www.europesays.com\/se\/wp-content\/uploads\/2026\/01\/1768071448_983_hqdefault.jpg\"\/><\/p>\n<p><strong>Ryan Murphy<\/strong> kan n\u00e4r han vill. Nu sl\u00e4ppte han ju visserligen relativt nyligen den helt fruktansv\u00e4rda tv-serien \u201dAll\u2019s Fair\u201d hos Disney+. Men i \u201dThe Beauty\u201d s\u00e5 blandar han friskt mellan skr\u00e4ck, mysterium, kriminaldrama, sci-fi och action. <strong>Evan Peters<\/strong>, <strong>Rebecca Hall<\/strong>, <strong>Ashton Kutcher<\/strong> och <strong>Vincent D\u2019Onofrio<\/strong> dyker upp i n\u00e5gra av den f\u00f6rsta s\u00e4songens st\u00f6rsta roller. <\/p>\n<p>Handlingen f\u00f6ljer en miljard\u00e4rs plan att lansera ett l\u00e4kemedel som kan bota allt och g\u00f6ra dig skitsnygg. Problemet \u00e4r bara att den redan b\u00f6rjat spridas som ett virus, d\u00e4r de smittade exploderar efter en viss tid. Tv\u00e5 FBI-agenter utreder d\u00f6dsfallen och f\u00f6rs\u00f6ker f\u00f6rst\u00e5 vad tusan det \u00e4r som h\u00e4nder. <\/p>\n<p>Ja, ni h\u00f6r ju hur h\u00e4rligt galet det l\u00e5ter. F\u00f6r alla som s\u00e5g \u201dThe Substance\u201d s\u00e5 finns det givetvis en hel del liknelser h\u00e4r n\u00e4r det kommer till sj\u00e4lva preparatet, men i \u201dThe Beauty\u201d \u00e4r det allts\u00e5 mer av en v\u00e4rldsomsp\u00e4nnande action-konspirationsdeckare med skr\u00e4ckinslag vi f\u00e5r f\u00f6lja. <\/p>\n<p>\u201dImperfect Women\u201d (Apple TV) \u2013 18 mars<\/p>\n<p><img loading=\"lazy\" height=\"365\" width=\"648\" class=\"wp-image-710733 sp-no-webp perfmatters-lazy\" alt=\"\" decoding=\"async\" src=\"https:\/\/www.europesays.com\/se\/wp-content\/uploads\/2026\/01\/Apple_TV_Imperfect_Women_key_art-648x365.jpg\"  data-\/> <\/p>\n<p><strong>Elisabeth Moss<\/strong>, <strong>Kerry Washington<\/strong>, <strong>Kate Mara<\/strong> och <strong>Joel Kinnaman<\/strong> axlar huvudrollerna i Apples nya thrillerserie. Handlingen f\u00f6ljer de tre kvinnorna som varit v\u00e4nner i flera \u00e5rtionden, n\u00e4r ett brott pl\u00f6tsligt krossar allt de byggt upp. Bakom kameran st\u00e5r <strong>Lesli Linka Glatter<\/strong> som \u00e4ven regisserat \u201dHomeland\u201d, \u201dMad Men\u201d, \u201dLove &amp; Death\u201d, \u201dThe Newsroom\u201d och \u201dThe Leftovers\u201d. <\/p>\n<p>Om det \u00e4r n\u00e5got vi har l\u00e4rt oss under de senaste tv-\u00e5ren, s\u00e5 \u00e4r det att Apple TV har en tendens att skapa riktigt grymma tv-serier. S\u00e5 h\u00e4r finns det gott om potential!<\/p>\n<p>\u201dHarry Hole\u201d (Netflix) \u2013 26 mars<\/p>\n<p><img loading=\"lazy\" decoding=\"async\" alt=\"YouTube video\" width=\"480\" height=\"360\" data-pin-nopin=\"true\" nopin=\"nopin\" class=\"perfmatters-lazy\" src=\"https:\/\/www.europesays.com\/se\/wp-content\/uploads\/2026\/01\/1768071448_180_hqdefault.jpg\"\/><\/p>\n<p>Lite p\u00e5kostad Nordic noir fr\u00e5n Netflix? Ja, tack! <strong>Tobias Santelmann<\/strong> axlar titelrollen som Harry Hole medan <strong>Joel Kinnaman<\/strong> dyker upp som Tom Waaler i Netflix adaption av Jo Nesbos popul\u00e4ra b\u00f6cker. Den f\u00f6rsta s\u00e4songen kommer best\u00e5 av totalt nio avsnitt. <\/p>\n<p>\u201dMargo\u2019s Got Money Troubles\u201d (Apple TV) \u2013 15 april<\/p>\n<p><img loading=\"lazy\" height=\"432\" width=\"648\" class=\"wp-image-710734 sp-no-webp perfmatters-lazy\" alt=\"\" decoding=\"async\" src=\"https:\/\/www.europesays.com\/se\/wp-content\/uploads\/2026\/01\/Apple_TV_Margos_Got_Money_Trouble_key_art-648x432.jpg\"  data-\/> <\/p>\n<p><strong>Nicole Kidman<\/strong>, <strong>Elle Fanning<\/strong>, <strong>Michelle Pfeiffer<\/strong> och <strong>Nick Offerman<\/strong> axlar n\u00e5gra av de st\u00f6rre rollerna i vad som mycket v\u00e4l kan bli en av Apples b\u00e4sta nya tv-serier i \u00e5r. Hur vet jag det d\u00e5? I tv-branschen \u00e4r det premi\u00e4rerna som sker i april och maj som oftast \u00e4r streamingtj\u00e4nsternas fr\u00e4msta kandidater inf\u00f6r \u00e5rets Emmygala. Lite som att alla Oscarsfilmer sl\u00e4pps i november och december i USA. <\/p>\n<p>Serien \u00e4r baserad p\u00e5 boken med samma namn, men h\u00e4r har vi den rutinerade tv-skaparen <strong>David E. Kelley<\/strong> som ligger bakom adaptionen. Han har hunnit samla in hela 30 Emmynomineringar och 11 vinster, bland annat f\u00f6r \u201dBig Little Lies\u201d som \u00e4ven d\u00e5 hade Kidman i en av de ledande rollerna. Den h\u00e4r g\u00e5ngen f\u00e5r vi f\u00f6lja Fanning i titelrollen som Margo, en ung mamma som har sv\u00e5rt att f\u00e5 pengarna att r\u00e4cka till\u2026 och v\u00e4ljer att l\u00f6sa det genom att skapa ett OnlyFans-konto.<\/p>\n<p>\u201dWidow\u2019s Bay\u201d (Apple TV) \u2013 29 april<\/p>\n<p><img loading=\"lazy\" decoding=\"async\" alt=\"YouTube video\" width=\"480\" height=\"360\" data-pin-nopin=\"true\" nopin=\"nopin\" class=\"perfmatters-lazy\" src=\"https:\/\/www.europesays.com\/se\/wp-content\/uploads\/2026\/01\/1768071449_184_hqdefault.jpg\"\/><\/p>\n<p><strong>Matthew Rhys<\/strong> kan vara helt fenomenal med r\u00e4tt manus i ryggen. Det vet alla som sett \u201dThe Americans\u201d. I den h\u00e4r serien kommer vi f\u00e5 f\u00f6lja honom som borgm\u00e4staren Tom Loftis i en liten ort som ligger p\u00e5 en \u00f6, d\u00e4r inv\u00e5narna \u00e4r s\u00e4kra p\u00e5 att det vilar en f\u00f6rbannelse \u00f6ver \u00f6n. Loftis har d\u00e4remot best\u00e4mt sig f\u00f6r att g\u00f6ra \u00f6n till en turistmagnet. <\/p>\n<p>Det som g\u00f6r mig allra mest peppad p\u00e5 serien \u00e4r d\u00e4remot faktumet att <strong>Hiro Murai<\/strong> st\u00e5r bakom kameran. Han ligger bakom n\u00e5gra av mina favoritavsnitt i serier som \u201dAtlanta\u201d, \u201dStation Eleven\u201d, \u201dMr. &amp; Mrs. Smith\u201d, \u201dBarry\u201d och \u201dLegion\u201d. Med en Apple-budget i ryggen s\u00e5 k\u00e4nns det med andra ord som att det h\u00e4r har potential att bli en av \u00e5rets snyggast filmade serier \u2013 n\u00e5got jag redan tycker mig se goda tecken p\u00e5 i den korta teasern h\u00e4r ovan.<\/p>\n<p>Sedan g\u00e4ller samma argument som f\u00f6r f\u00f6reg\u00e5ende titel. Alla serier med premi\u00e4rdatum omkring april\/maj, \u00e4r serier som streamingtj\u00e4nsterna sj\u00e4lva tror stenh\u00e5rt p\u00e5 inf\u00f6r Emmygalan. Det h\u00e4r kan bli riktigt bra!<\/p>\n<p>\u201dDTF St. Louis\u201d (HBO Max) \u2013 2026<\/p>\n<p><img loading=\"lazy\" height=\"432\" width=\"648\" class=\"wp-image-710736 sp-no-webp perfmatters-lazy\" alt=\"\" decoding=\"async\" src=\"https:\/\/www.europesays.com\/se\/wp-content\/uploads\/2026\/01\/jason-bateman-david-harbour-648x432.jpg\"  data-\/> <\/p>\n<p>Det \u00e4r helt fruktansv\u00e4rt att n\u00e4stan ingen k\u00e4nner till den helt fantastiska men udda tv-serien \u201dPatriot\u201d hos Prime Video. Det \u00e4r en av mina personliga favoriter och b\u00e5de skriven och regisserad av Steve Conrad. Under 2026 har han b\u00e5de skrivit och regisserat en helt ny tv-serie, men den h\u00e4r g\u00e5ngen med Jason Bateman, David Harbour och Linda Cardellini i huvudrollerna och f\u00f6r HBO. N\u00e5got s\u00e4ger mig att folk \u00e5tminstone kommer att k\u00e4nna till den h\u00e4r seriens blotta existens!<\/p>\n<p>Den har nog till och med potential att bli en av mina favoritserier n\u00e4r \u00e5ret ska summeras, men l\u00e4r m\u00f6jligtvis inte falla alla i smaken. Conrads projekt brukar vara en aning udda som sagt. Serien beskrivs i alla fall som en m\u00f6rk komedi om tre medel\u00e5lders personer som hamnar i en k\u00e4rlekstriangel\u2026 vilket slutar med att en av dem g\u00e5r under. Lagom diffust, men jag har stort hopp n\u00e4r det kommer till denna!<\/p>\n<p>\u201dLanterns\u201d (HBO Max) \u2013 2026<\/p>\n<p><img loading=\"lazy\" height=\"365\" width=\"648\" class=\"wp-image-710738 sp-no-webp perfmatters-lazy\" alt=\"\" decoding=\"async\" src=\"https:\/\/www.europesays.com\/se\/wp-content\/uploads\/2026\/01\/aaron-pierre-kyle-chandler-648x365.jpg\"  data-\/> <\/p>\n<p><strong>James Gunns<\/strong> nya DCU har f\u00e5tt en bra start med \u201dSuperman\u201d och \u201dPeacemaker\u201d, som under \u00e5ret \u00e4ven kommer att f\u00f6ljas upp av Milly Alcocks \u201dSupergirl\u201d. Men n\u00e4r det kommer till superhj\u00e4ltegenren s\u00e5 \u00e4r det helt klart \u201dLanterns\u201d jag ser fram emot mest. Serien har beskrivits som superhj\u00e4ltegenrens svar p\u00e5 \u201dTrue Detective\u201d\u2026 och det l\u00e5ter ju faktiskt otroligt lovande! I huvudrollerna finner vi <strong>Aaron Pierre<\/strong> och <strong>Kyle Chandler<\/strong> som John Stewart och Hal Jordan. <\/p>\n<p>\u201dBuffy the Vampire Slayer: New Sunnydale\u201d (Disney+) \u2013 2026<\/p>\n<p><img loading=\"lazy\" height=\"364\" width=\"648\" class=\"wp-image-710742 sp-no-webp perfmatters-lazy\" alt=\"\" decoding=\"async\" src=\"https:\/\/www.europesays.com\/se\/wp-content\/uploads\/2026\/01\/best-buffy-the-vampire-episodes-gift-anniversary-13e017aa-30f2-41d2-bb01-31b85c28b39c.jpg-648x364.jp.jpeg\"  data-\/> <\/p>\n<p>Det handlar varken om en reboot eller en spinoff. Enligt <strong>Sarah Michelle Gellar<\/strong> s\u00e5 kommer den nya serien att vara en forts\u00e4ttning p\u00e5 den popul\u00e4ra originalserien. Efter att seriens skapare Joss Whedon blev cancelled s\u00e5 var det m\u00e5nga av ur produktionen som sade att man aldrig kunde t\u00e4nka sig att \u00e5terv\u00e4nda till sina gamla roller. Men n\u00e4r den tv\u00e5faldigt Oscarsvinnande regiss\u00f6ren <strong>Chlo\u00e9 Zhao<\/strong> fick en id\u00e9 f\u00f6r hur serien kunde forts\u00e4tta s\u00e5 har hon lyckats \u00f6vertala Gellar och g\u00e4nget att \u00e5terv\u00e4nda till serien.<\/p>\n<p>Det \u00e4r dock oklart exakt n\u00e4r serien kommer att bli klar, s\u00e5 i v\u00e4rsta fall f\u00e5r vi v\u00e4nta till 2027.<\/p>\n<p>\u201dEast of Eden\u201d (Netflix) \u2013 2026<\/p>\n<p><img loading=\"lazy\" height=\"365\" width=\"648\" class=\"wp-image-710743 sp-no-webp perfmatters-lazy\" alt=\"\" decoding=\"async\" src=\"https:\/\/www.europesays.com\/se\/wp-content\/uploads\/2026\/01\/AAAAQZ0tm7VgpUrS-kEsKNbndu6Ow4IV7k31nxMnYokKfeE694YQsd3uXorQeaEmr3G9q0Yio_Ghv2NIlIBZMRO_Fq8KcfL1rRm9.jpeg\"  data-\/> <\/p>\n<p>En p\u00e5kostad miniserie baserad p\u00e5 John Steinbecks bok fr\u00e5n 1952, som tidigare adapterats som l\u00e5ngfilm av Elia Kazan med James Dean och Julie Harris i huvudrollerna. Den h\u00e4r g\u00e5ngen \u00e4r det faktiskt Elias barnbarn <strong>Zoe Kazan<\/strong> \u00e4r miniseriens skapare, med <strong>Florence Pugh<\/strong>, <strong>Christopher Abbott<\/strong> och <strong>Mike Faist<\/strong> i huvudrollerna. Netflix brukar lyckas f\u00e5 ut \u00e5tminstone en riktigt bra historisk miniserie om \u00e5ret \u2013 och under 2026 s\u00e5 tror jag att det \u00e4r \u201dEast of Eden\u201d som kommer lyckas allra b\u00e4st.<\/p>\n<p>\u201dSpider-Noir\u201d (Prime Video) \u2013 2026<\/p>\n<p><img loading=\"lazy\" height=\"365\" width=\"648\" class=\"wp-image-710744 sp-no-webp perfmatters-lazy\" alt=\"\" decoding=\"async\" src=\"https:\/\/www.europesays.com\/se\/wp-content\/uploads\/2026\/01\/about-amazon-hero-nore-s1-ut-102-241022-epsaar-00447rc4-648x365.jpg\"  data-\/> <\/p>\n<p><strong>Nicolas Cage<\/strong> spelar en live action-version av Spider-Noir hos Prime Video under 2026. Beh\u00f6ver jag ens s\u00e4ga mer? Det h\u00e4r \u00e4r givetvis \u00e5rets coolaste tv-premi\u00e4r.<\/p>\n<p>\u201dBlade Runner 2099\u201d (Prime Video) \u2013 2026<\/p>\n<p><img loading=\"lazy\" height=\"373\" width=\"648\" class=\"wp-image-710745 sp-no-webp perfmatters-lazy\" alt=\"\" decoding=\"async\" src=\"https:\/\/www.europesays.com\/se\/wp-content\/uploads\/2026\/01\/837fc220-805c-11f0-b7f1-3d20a3d6607e-648x373.jpeg\"  data-\/> <\/p>\n<p>\u201dEuphoria\u201d-stj\u00e4rnan <strong>Hunter Schafe<\/strong>r och Oscarsvinnaren <strong>Michelle Yeoh<\/strong> kliver in i huvudrollerna i den nya \u201dBlade Runner\u201d-serien som utspelar sig 50 \u00e5r efter filmen med med Ryan Gosling och Harrison Ford senast. <strong>Ridley Scott <\/strong>finns \u00e4ven med ombord som producent av det p\u00e5kostade projektet. Nu \u00e5terst\u00e5r det bara att se om serien kan bli ens i n\u00e4rheten av s\u00e5 bra som l\u00e5ngfilmerna har varit. I s\u00e5 fall har vi en av \u00e5rets mest lovande sci-fi-serier i \u201dBlade Runner 2099\u201d!<\/p>\n<p>\u201dScarpetta\u201d (Prime Video) \u2013 2026<\/p>\n<p><img loading=\"lazy\" height=\"432\" width=\"648\" class=\"wp-image-710746 sp-no-webp perfmatters-lazy\" alt=\"\" decoding=\"async\" src=\"https:\/\/www.europesays.com\/se\/wp-content\/uploads\/2026\/01\/SCPT_S1_UT_250115_CHOCON_00094R_f_3000-648x432.jpg\"  data-\/> <\/p>\n<p>Kriminalare och deckare g\u00e5r ju alltid hem? H\u00e4r f\u00e5r vi tre Oscarsvinnare och Emmyvinnaren <strong>Bobby Cannavale<\/strong>. Det h\u00e4r \u00e4r utan tvekan en av serierna jag \u00e4r mest peppad p\u00e5 i \u00e5r! <strong>Nicole Kidman<\/strong>, <strong>Jamie Lee Curtis<\/strong> och <strong>Ariana DeBose<\/strong> dyker alla upp i adaptionen av Patricia Cornwells b\u00f6cker om Dr. Kay Scarpetta. En doktor som l\u00f6ser brott \u00e1 la \u201dBones\u201d allts\u00e5. Bakom kameran st\u00e5r dessutom svenska regiss\u00f6ren <strong>Charlotte Br\u00e4ndstr\u00f6m<\/strong>!<\/p>\n<p>\u201dCarrie\u201d (Netflix) \u2013 2026<\/p>\n<p><img loading=\"lazy\" height=\"364\" width=\"648\" class=\"wp-image-710747 sp-no-webp perfmatters-lazy\" alt=\"\" decoding=\"async\" src=\"https:\/\/www.europesays.com\/se\/wp-content\/uploads\/2026\/01\/Summer-Howell-Samantha-Sloyan-Matthew-Lillard-Josie-Totah-Alison-Thornton-Thalia-Dudek-Siena-Agudong.jpeg\"  data-\/> <\/p>\n<p>N\u00e4r det kommer till skr\u00e4ck-serier s\u00e5 finns det i princip ingen annan som g\u00f6r dessa lika bra som <strong>Mike Flanagan<\/strong>. Efter att ha h\u00e5llit till hos Netflix under de senaste \u00e5ren har han nu klivit \u00f6ver till Prime Video och kommer under \u00e5ret att sl\u00e4ppa en adaption av Stephen Kings bok \u201dCarrie\u201d fr\u00e5n 1974. Utan att ha n\u00e5gon aning om n\u00e4r under \u00e5ret den kommer, s\u00e5 hoppas jag att det h\u00e4r blir en av skr\u00e4ckserierna vi f\u00e5r omkring Halloween i \u00e5r. <\/p>\n<p>\u201dTomb Raider\u201d (Prime Video) \u2013 2026<\/p>\n<p><img loading=\"lazy\" height=\"362\" width=\"648\" class=\"wp-image-710750 sp-no-webp perfmatters-lazy\" alt=\"\" decoding=\"async\" src=\"https:\/\/www.europesays.com\/se\/wp-content\/uploads\/2026\/01\/tomb-raider-game-amazon-series-648x362.jpg\"  data-\/> <\/p>\n<p>Prime Videos p\u00e5kostade adaption av de popul\u00e4ra \u201dTomb Raider\u201d-spelen om \u00e4ventyraren Lara Croft \u00e4r \u00e4ntligen p\u00e5 g\u00e5ng. \u201dGame of Thrones\u201d-stj\u00e4rnan <strong>Sophie Turner<\/strong> kommer axla huvudrollen i serien, som \u00e4r skapad av <strong>Phoebe Waller-Bridge<\/strong> (\u201dFleabag\u201d). Nyligen blev det \u00e4ven klart att sk\u00e5despelare som <strong>Sigourney Weaver<\/strong> och <strong>Jason Isaacs<\/strong> anslutit till casten. <\/p>\n<p>Med tanke p\u00e5 att serien b\u00f6rjar spelas in nu i januari finns en risk f\u00f6r att serien dr\u00f6jer till 2027, men det har tidigare sp\u00e5nats om att en premi\u00e4r under 2026 hade kunnat vara m\u00f6jlig. Beroende p\u00e5 hur mycket arbete med effekter och liknande man beh\u00f6ver g\u00f6ra efter inspelningarna \u00e4r klara, kan vi kanske forts\u00e4tta h\u00e5lla hoppet uppe f\u00f6r en premi\u00e4r n\u00e5gon g\u00e5ng precis innan \u00e5ret \u00e4r slut! <\/p>\n<p>Tog sig n\u00e4stan in p\u00e5 listan:<\/p>\n<p><img loading=\"lazy\" height=\"338\" width=\"600\" class=\"wp-image-710766 sp-no-webp perfmatters-lazy\" alt=\"\" decoding=\"async\" src=\"https:\/\/www.europesays.com\/se\/wp-content\/uploads\/2026\/01\/halfman.jpg\"  data-\/> <\/p>\n<p>I vanlig ordning kommer s\u00e4kerligen n\u00e5gra av \u00e5rets allra b\u00e4sta nya serier vara titlar ingen av oss har en aning om att de ens \u00e4r p\u00e5 ing\u00e5ng under \u00e5ret. Men h\u00e4r har vi n\u00e5gra som jag \u00e5tminstone k\u00e4nner till och tror att de skulle kunna ha en chans att \u00f6verraska positivt ocks\u00e5; \u201dWar\u201d (HBO Max), \u201dHalf Man\u201d (HBO Max), \u201dRooster\u201d (HBO Max), \u201dBait\u201d (Prime Video), \u201dYoung Sherlock\u201d (Prime Video), \u201dSteal\u201d (Prime Video), \u201dY: Marshals\u201d (SkyShowtime), \u201dThe Madison\u201d (SkyShowtime), \u201dNola King\u201d (SkyShowtime), \u201dThe Boroughs\u201d (Netflix), \u201dThe Boys from Brazil\u201d (Netflix), \u201dStolthet och f\u00f6rdom\u201d (Netflix), \u201dLilla huset p\u00e5 pr\u00e4rien\u201d (Netflix), samt \u201dThe Testaments\u201d (Disney+). <\/p>\n<p>L\u00e4s ocks\u00e5: <a href=\"https:\/\/www.moviezine.se\/nyheter\/galen-oppning-pa-tv-aret-hela-12-nya-tv-serier-du-inte-vill-missa-i-januari\" title=\"Galen \u00f6ppning p\u00e5 tv-\u00e5ret! Hela 12 nya tv-serier du inte vill missa i januari\" class=\"underline-custom !font-montserrat !font-bold !underline-offset-4 !decoration-4 !decoration-moviezine-green !text-md\" rel=\"nofollow noopener\" target=\"_blank\">Galen \u00f6ppning p\u00e5 tv-\u00e5ret! Hela 12 nya tv-serier du inte vill missa i januari<\/a><\/p>\n<p>L\u00e4s ocks\u00e5: <a href=\"https:\/\/www.moviezine.se\/nyheter\/de-basta-nya-tv-serierna-2025-tv-redaktoren-tipsar\" title=\"Tv-redakt\u00f6ren tipsar: De 15 b\u00e4sta nya tv-serierna fr\u00e5n 2025\" class=\"underline-custom !font-montserrat !font-bold !underline-offset-4 !decoration-4 !decoration-moviezine-green !text-md\" rel=\"nofollow noopener\" target=\"_blank\">Tv-redakt\u00f6ren tipsar: De 15 b\u00e4sta nya tv-serierna fr\u00e5n 2025<\/a><\/p>\n","protected":false},"excerpt":{"rendered":"Det \u00e4r inte helt l\u00e4tt att h\u00e5lla koll p\u00e5 alla nya tv-serier som sl\u00e4pps. S\u00e4rskilt inte n\u00e4r nya&hellip;\n","protected":false},"author":2,"featured_media":131780,"comment_status":"","ping_status":"","sticky":false,"template":"","format":"standard","meta":{"footnotes":""},"categories":[67],"tags":[2031,2570,104,3001,2399,34,2032,31,33,32,30,105],"class_list":{"0":"post-131779","1":"post","2":"type-post","3":"status-publish","4":"format-standard","5":"has-post-thumbnail","7":"category-underhallning","8":"tag-amazon-prime-video","9":"tag-apple-tv-plus","10":"tag-entertainment","11":"tag-hbo-max","12":"tag-netflix","13":"tag-se","14":"tag-streamingtips","15":"tag-svenska","16":"tag-sverige","17":"tag-sweden","18":"tag-swedish","19":"tag-underhallning"},"share_on_mastodon":{"url":"https:\/\/pubeurope.com\/@se\/115872336774051029","error":""},"_links":{"self":[{"href":"https:\/\/www.europesays.com\/se\/wp-json\/wp\/v2\/posts\/131779","targetHints":{"allow":["GET"]}}],"collection":[{"href":"https:\/\/www.europesays.com\/se\/wp-json\/wp\/v2\/posts"}],"about":[{"href":"https:\/\/www.europesays.com\/se\/wp-json\/wp\/v2\/types\/post"}],"author":[{"embeddable":true,"href":"https:\/\/www.europesays.com\/se\/wp-json\/wp\/v2\/users\/2"}],"replies":[{"embeddable":true,"href":"https:\/\/www.europesays.com\/se\/wp-json\/wp\/v2\/comments?post=131779"}],"version-history":[{"count":0,"href":"https:\/\/www.europesays.com\/se\/wp-json\/wp\/v2\/posts\/131779\/revisions"}],"wp:featuredmedia":[{"embeddable":true,"href":"https:\/\/www.europesays.com\/se\/wp-json\/wp\/v2\/media\/131780"}],"wp:attachment":[{"href":"https:\/\/www.europesays.com\/se\/wp-json\/wp\/v2\/media?parent=131779"}],"wp:term":[{"taxonomy":"category","embeddable":true,"href":"https:\/\/www.europesays.com\/se\/wp-json\/wp\/v2\/categories?post=131779"},{"taxonomy":"post_tag","embeddable":true,"href":"https:\/\/www.europesays.com\/se\/wp-json\/wp\/v2\/tags?post=131779"}],"curies":[{"name":"wp","href":"https:\/\/api.w.org\/{rel}","templated":true}]}}