{"id":131783,"date":"2026-01-10T19:00:15","date_gmt":"2026-01-10T19:00:15","guid":{"rendered":"https:\/\/www.europesays.com\/se\/131783\/"},"modified":"2026-01-10T19:00:15","modified_gmt":"2026-01-10T19:00:15","slug":"god-stamning-bland-kardinalerna-efter-konsistoriet-signum","status":"publish","type":"post","link":"https:\/\/www.europesays.com\/se\/131783\/","title":{"rendered":"God st\u00e4mning bland kardinalerna efter konsistoriet \u2013 Signum"},"content":{"rendered":"<p class=\"Standard\">Efter knappt tv\u00e5 dagars \u00f6verl\u00e4ggningar med p\u00e5ven Leo i kardinalskollegiet har flera kardinaler yttrat sig positivt \u00f6ver f\u00f6rloppet. Vid en presskonferens i Vatikanen p\u00e5 torsdagskv\u00e4llen sade \u00e4rkebiskopen av Bogot\u00e0, kardinal Luis Jos\u00e9 Rueda Aparicio, att det extraordin\u00e4ra konsistoriet varit en \u201dunderbar upplevelse av broderlighet\u201d. Kardinalerna \u00e5terv\u00e4nde hem styrkta n\u00e4r de skulle ta itu med sina uppgifter i kyrkan.<\/p>\n<p class=\"Standard\">Kardinal Stephen Brislin fr\u00e5n Johannesburg betonade att m\u00f6tet hade bidragit till att man nyuppt\u00e4ckt det best\u00e5ende v\u00e4rdet i p\u00e5ven Franciskus programmatiska skrivelse Evangelii gaudium fr\u00e5n 2013. Senare uttalanden och beslut fr\u00e5n hans pontifikat hade \u201df\u00f6rdunklat den en aning\u201d men menade att den nu var av h\u00f6g aktualitet och friskhet. Kyrkan borde uppv\u00e4cka texten p\u00e5 nytt och \u00e4ven s\u00e4tta in den i pr\u00e4stutbildningen.<\/p>\n<p class=\"Standard\">De b\u00e5da kardinalerna f\u00f6rnekade att det under \u00f6verl\u00e4ggningarna vid konsistoriet hade framkommit kritik mot den f\u00f6rre p\u00e5vens l\u00e4royttranden och beslut. Det g\u00e4llde \u00e4ven principerna om synodalitet och delaktigheten i beslut, som p\u00e5ven Franciskus starkt understrukit. De skulle utg\u00f6ra underlag f\u00f6r det kyrkliga handlandet och t\u00e4nkandet p\u00e5 alla plan.<\/p>\n<p class=\"Standard\">Den filippinske kardinalen Pablo Virgilio Siongco David var imponerad \u00f6ver p\u00e5ve Leos f\u00f6rm\u00e5ga att lyssna. P\u00e5ven hade gjort m\u00e5nga anteckningar i sin notisbok och kardinalen hade f\u00e5tt intrycket av att p\u00e5ven samlat id\u00e9er och f\u00f6rslag inf\u00f6r ett st\u00f6rre dokument.<\/p>\n<p class=\"Standard\">Innan presskonferensen hade den algeriske kardinalen Jean-Paul Vesco sagt till journalisterna att han tyckt sig sp\u00e5ra att den nye p\u00e5ven \u00e5tnjutit ett \u201denormt \u00f6verskott av f\u00f6rtroende\u201d fr\u00e5n kardinalernas sida. Leo XIV gick vidare i f\u00f6reg\u00e5ngarens kurs, l\u00e5t vara \u201dp\u00e5 ett mera ordnat s\u00e4tt och i en annan stil\u201d. Han talar mindre, men \u00e4r klar och konsistent i sitt handlande.<\/p>\n","protected":false},"excerpt":{"rendered":"Efter knappt tv\u00e5 dagars \u00f6verl\u00e4ggningar med p\u00e5ven Leo i kardinalskollegiet har flera kardinaler yttrat sig positivt \u00f6ver f\u00f6rloppet.&hellip;\n","protected":false},"author":2,"featured_media":89320,"comment_status":"","ping_status":"","sticky":false,"template":"","format":"standard","meta":{"footnotes":""},"categories":[14],"tags":[22,23,26,27,17,21,24,25,28,29,15,16,18,34,31,33,32,30,19,20,51,52,53,54],"class_list":{"0":"post-131783","1":"post","2":"type-post","3":"status-publish","4":"format-standard","5":"has-post-thumbnail","7":"category-varlden","8":"tag-breaking-news","9":"tag-breakingnews","10":"tag-featured-news","11":"tag-featurednews","12":"tag-headlines","13":"tag-huvudnyheter","14":"tag-latest-news","15":"tag-latestnews","16":"tag-main-news","17":"tag-mainnews","18":"tag-news","19":"tag-nyheter","20":"tag-rubriker","21":"tag-se","22":"tag-svenska","23":"tag-sverige","24":"tag-sweden","25":"tag-swedish","26":"tag-top-stories","27":"tag-topstories","28":"tag-varlden","29":"tag-world","30":"tag-world-news","31":"tag-worldnews"},"share_on_mastodon":{"url":"https:\/\/pubeurope.com\/@se\/115872348479544415","error":""},"_links":{"self":[{"href":"https:\/\/www.europesays.com\/se\/wp-json\/wp\/v2\/posts\/131783","targetHints":{"allow":["GET"]}}],"collection":[{"href":"https:\/\/www.europesays.com\/se\/wp-json\/wp\/v2\/posts"}],"about":[{"href":"https:\/\/www.europesays.com\/se\/wp-json\/wp\/v2\/types\/post"}],"author":[{"embeddable":true,"href":"https:\/\/www.europesays.com\/se\/wp-json\/wp\/v2\/users\/2"}],"replies":[{"embeddable":true,"href":"https:\/\/www.europesays.com\/se\/wp-json\/wp\/v2\/comments?post=131783"}],"version-history":[{"count":0,"href":"https:\/\/www.europesays.com\/se\/wp-json\/wp\/v2\/posts\/131783\/revisions"}],"wp:featuredmedia":[{"embeddable":true,"href":"https:\/\/www.europesays.com\/se\/wp-json\/wp\/v2\/media\/89320"}],"wp:attachment":[{"href":"https:\/\/www.europesays.com\/se\/wp-json\/wp\/v2\/media?parent=131783"}],"wp:term":[{"taxonomy":"category","embeddable":true,"href":"https:\/\/www.europesays.com\/se\/wp-json\/wp\/v2\/categories?post=131783"},{"taxonomy":"post_tag","embeddable":true,"href":"https:\/\/www.europesays.com\/se\/wp-json\/wp\/v2\/tags?post=131783"}],"curies":[{"name":"wp","href":"https:\/\/api.w.org\/{rel}","templated":true}]}}