{"id":131785,"date":"2026-01-10T19:02:07","date_gmt":"2026-01-10T19:02:07","guid":{"rendered":"https:\/\/www.europesays.com\/se\/131785\/"},"modified":"2026-01-10T19:02:07","modified_gmt":"2026-01-10T19:02:07","slug":"vilma-anderssons-dagar-fore-mordet-i-ronninge","status":"publish","type":"post","link":"https:\/\/www.europesays.com\/se\/131785\/","title":{"rendered":"Vilma Anderssons dagar f\u00f6re mordet i R\u00f6nninge"},"content":{"rendered":"<p>N\u00e4r Vilma Andersson, som d\u00e5 hette Robin, muckat fr\u00e5n f\u00e4ngelset bes\u00f6kte han sin sl\u00e4kting.<\/p>\n<p>Det var samh\u00e4llets fel att han f\u00f6rs\u00f6kt kidnappa en liten flicka, sa han.<\/p>\n<p>Hans ovilja att ta ansvar fick sl\u00e4ktingen att befara att han kunde beg\u00e5 nya onda handlingar.<\/p>\n<p>Stor minnesplats i R\u00f6nninge.<img loading=\"lazy\"   alt=\"\"\/><\/p>\n<p>Vilma Andersson misst\u00e4nks f\u00f6r mord och grovt gravfridsbrott.<\/p>\n<p>Foto: Privat<\/p>\n<p>\u00d6ppna bild i helsk\u00e4rm<img loading=\"lazy\"   alt=\"\"\/><\/p>\n<p>Minnesplats f\u00f6r m\u00f6rdade kvinnan i R\u00f6nninge.<\/p>\n<p>Foto: PATRIK \u00d6STERBERG \/ STELLA PICTURES<\/p>\n<p>\u00d6ppna bild i helsk\u00e4rm<\/p>\n<p>Vilma Andersson, 26, sitter h\u00e4ktad misst\u00e4nkt f\u00f6r att ha m\u00f6rdat en 25-\u00e5rig kvinna i <a href=\"https:\/\/www.expressen.se\/tagg\/location\/ronninge\/\" class=\"\" rel=\"nofollow noopener\" target=\"_blank\">R\u00f6nninge<\/a> s\u00f6der om Stockholm i mellandagarna.<\/p>\n<p>Enligt uppgift till Expressen greps han n\u00e4r han var i f\u00e4rd med att gr\u00e4va ner delar av kroppen i ett skogsomr\u00e5de.<\/p>\n<p>Han f\u00f6rnekar mord, men erk\u00e4nner grovt gravfridsbrott.\u00a0<\/p>\n<p>Vilma Andersson \u00e4r en man och v\u00e4xte upp under namnet Robin. En sl\u00e4kting ber\u00e4ttar att hon inte blev f\u00f6rv\u00e5nad n\u00e4r hon ins\u00e5g att han var den misst\u00e4nkte.<\/p>\n<p>\u2013 Det var en v\u00e4n till mig som kom ih\u00e5g att jag hade talat med henne om hans tidigare brott. Hon sa: \u201dJag \u00e4r ledsen, men jag tror att det \u00e4r denna Robin som har gjort det\u201d. D\u00e5 k\u00e4nde jag: \u201dJa, nu har han gjort det\u201d.\u00a0<\/p>\n<p>\u201dS\u00e4ker p\u00e5 sin egen f\u00f6rtr\u00e4fflighet\u201d<\/p>\n<p>Under barndomen visade han upp ett gott sj\u00e4lvf\u00f6rtroende, ber\u00e4ttar sl\u00e4ktingen.<\/p>\n<p>\u2013 Han upplevde sig sj\u00e4lv som v\u00e4ldigt lyckad. Han hade planer p\u00e5 att bli pilot och var ut\u00e5t sett v\u00e4ldigt s\u00e4ker p\u00e5 sin egen f\u00f6rtr\u00e4fflighet.<\/p>\n<p>Det var inte bara om en uppbl\u00e5st sj\u00e4lvbild, enligt henne. Han hade kunna g\u00e5 l\u00e5ngt i livet om han gjort andra val.<\/p>\n<p>\u2013 Han hade kunnat lyckas med vad som helst.\u00a0<\/p>\n<p>Men hon upplevde tidigt att allt inte stod r\u00e4tt till i familjen. Hon uppr\u00f6rdes \u00f6ver att han fick titta p\u00e5 grova v\u00e5ldsfilmer redan i tio\u00e5rs\u00e5ldern. Det fanns ocks\u00e5 en obehaglig jargong d\u00e4r man sk\u00e4mtade om mord och d\u00f6da m\u00e4nniskor.<\/p>\n<p>\u2013 Det var galet. Gr\u00e4nsl\u00f6st.<\/p>\n<p>Det har h\u00e4nt \u2013 mordet i R\u00f6nninge<\/p>\n<p>\u2022 En 25-\u00e5rig kvinna f\u00f6rsvann natten till annandagen i R\u00f6nninge i Salems kommun.<\/p>\n<p>\u2022 P\u00e5 l\u00f6rdagen den 27 december hittades kvinnan d\u00f6d i ett skogsomr\u00e5de.<\/p>\n<p>\u2022 26-\u00e5rige Vilma Andersson \u00e4r h\u00e4ktad misst\u00e4nkt f\u00f6r mord och grovt gravfridsbrott.<\/p>\n<p>\u2022 Han f\u00f6rnekar mord, men erk\u00e4nner sig skyldig till grovt gravfridsbrott.<\/p>\n<p>\u2022 Andersson har tidigare d\u00f6mts f\u00f6r f\u00f6rs\u00f6k till m\u00e4nniskorov. I samband med det hittade polisen stora m\u00e4ngder barnpornografi i 26-\u00e5ringens dator.<\/p>\n<p>\u2022 Motivet till mordet \u00e4r oklart. Enligt \u00e5klagaren tyder allt p\u00e5 att Andersson valt ut sitt offer slumpm\u00e4ssigt.<\/p>\n<p>Visa merTappade kontakten<\/p>\n<p>Sl\u00e4ktingen s\u00e4ger att hon tappade kontakten med familjen och att familjen kom att bli alltmer isolerad. Hon hade ingen kontakt med Robin p\u00e5 flera \u00e5r.<\/p>\n<p>\u00c5r 2021 kom han och h\u00e4lsade p\u00e5. Han hade d\u00e5 nyligen sl\u00e4pps fr\u00e5n ett f\u00e4ngelsestraff f\u00f6r att ha f\u00f6rs\u00f6kt r\u00f6va bort en tio\u00e5rig flicka.<\/p>\n<p>\u2013 Jag k\u00e4nde att jag m\u00e5ste prata med honom: en ung vilsen m\u00e4nniska som har gjort n\u00e5got s\u00e5 ont. Han kom till oss. En fullst\u00e4ndigt vanlig kille, men han tog inte ansvar f\u00f6r sitt brott. Man k\u00e4nde att han var manipulativ.\u00a0<\/p>\n<p>\u201dGick inte att ta till sig\u201d<\/p>\n<p>Den f\u00f6rklaring till brottet som han gav henne \u00e4r ungef\u00e4r densamma som i r\u00e4tten.\u00a0<\/p>\n<p>\u2013 Han blev s\u00e5 f\u00f6rst\u00f6rd av att familjen inte fick hj\u00e4lp av samh\u00e4llet. D\u00e5 ville han beg\u00e5 ett brott. Han hade t\u00e4nkt r\u00e5na n\u00e5gon mack, men d\u00e5 d\u00f6k det h\u00e4r upp i st\u00e4llet. Det gick inte att ta till sig.<\/p>\n<p>Annons<\/p>\n<p>Hon k\u00e4nde att hon inte orkade ha kontakt med honom.<\/p>\n<p>Men ett par \u00e5r senare kom han och h\u00e4lsade p\u00e5 igen, n\u00e4r hon var ensam. Det var n\u00e4r han arbetade som lastbilschauff\u00f6r.<\/p>\n<p>\u2013 D\u00e5 var jag lite r\u00e4dd. Men han var precis som vanliga Robin. Trevlig, l\u00e4tt att prata med.\u00a0<\/p>\n<p>\u201dJag fattar inte hur man har sl\u00e4ppt ut denna m\u00e4nniska\u201d<\/p>\n<p>I december 2025 h\u00f6rde han av sig igen, men hon skrev i ett sms att hon inte ville ha kontakt.<\/p>\n<p>Enligt vad hon har h\u00f6rt tr\u00e4ffade han andra sl\u00e4ktingar en vecka f\u00f6re jul. Han ska d\u00e5 inte ha sett dem p\u00e5 fyra \u00e5r.\u00a0<\/p>\n<p>\u2013 Han upptr\u00e4dde d\u00e5 fullst\u00e4ndigt normalt. En vecka f\u00f6re detta d\u00e5d, s\u00e4ger sl\u00e4ktingen.\u00a0<\/p>\n<p>I mellandagarna h\u00f6rde hon talas om att en kvinna blivit m\u00f6rdad i R\u00f6nninge.\u00a0<\/p>\n<p>\u2013 Med det brottet han hade beg\u00e5tt fanns det inte m\u00f6jlighet att han inte skulle \u00e5terfalla. Jag fattar inte hur man har sl\u00e4ppt ut denna m\u00e4nniska.\u00a0<\/p>\n<p><img alt=\"\"\/>Ljudklippet gick inte att spela upp<\/p>\n<p>F\u00f6rs\u00f6k igen senare<\/p>\n<p><strong>L\u00c4S MER: <\/strong><a href=\"https:\/\/www.expressen.se\/nyheter\/sverige\/vilma-anderssons-slakting--det-ar-en-vriden-person-\/\" class=\"\" rel=\"nofollow noopener\" target=\"_blank\">Vilma Anderssons sl\u00e4kting:  \u201dDet \u00e4r en vriden person\u201d<\/a><strong>L\u00c4S MER: <\/strong><a href=\"https:\/\/www.expressen.se\/nyheter\/krim\/uppgifter-polisen-missade-kroppen--hemma-hos-vilma-andersson\/\" class=\"\" rel=\"nofollow noopener\" target=\"_blank\">Uppgifter: Polisen missade kroppen  hemma hos Vilma Andersson<\/a><strong>L\u00c4S MER: <\/strong><a href=\"https:\/\/www.expressen.se\/nyheter\/sverige\/vilma-andersson-fick--polisskydd-efter-fangelsestraff\/\" class=\"\" rel=\"nofollow noopener\" target=\"_blank\">Vilma Andersson fick  polisskydd efter f\u00e4ngelsestraff<\/a><strong>L\u00c4S MER: <\/strong><a href=\"https:\/\/www.expressen.se\/nyheter\/sverige\/mannens-larm-om-vilma-andersson-domdes-for-fortal\/\" class=\"\" rel=\"nofollow noopener\" target=\"_blank\">Mannens larm om Vilma Andersson \u2013 d\u00f6mdes f\u00f6r f\u00f6rtal<\/a>\u00d6ppnar f\u00f6r att se \u00f6ver lagen efter mordet i R\u00f6nninge<\/p>\n","protected":false},"excerpt":{"rendered":"N\u00e4r Vilma Andersson, som d\u00e5 hette Robin, muckat fr\u00e5n f\u00e4ngelset bes\u00f6kte han sin sl\u00e4kting. Det var samh\u00e4llets fel&hellip;\n","protected":false},"author":2,"featured_media":131786,"comment_status":"","ping_status":"","sticky":false,"template":"","format":"standard","meta":{"footnotes":""},"categories":[5],"tags":[22,23,26,27,17,21,24,25,12658,28,29,15,12855,16,12888,18,34,154,31,33,32,30,19,436,20],"class_list":{"0":"post-131785","1":"post","2":"type-post","3":"status-publish","4":"format-standard","5":"has-post-thumbnail","7":"category-rubriker","8":"tag-breaking-news","9":"tag-breakingnews","10":"tag-featured-news","11":"tag-featurednews","12":"tag-headlines","13":"tag-huvudnyheter","14":"tag-latest-news","15":"tag-latestnews","16":"tag-location-ronninge","17":"tag-main-news","18":"tag-mainnews","19":"tag-news","20":"tag-newsstory-kvinna-mordad-i-ronninge","21":"tag-nyheter","22":"tag-person-vilma-andersson","23":"tag-rubriker","24":"tag-se","25":"tag-sections-sverige","26":"tag-svenska","27":"tag-sverige","28":"tag-sweden","29":"tag-swedish","30":"tag-top-stories","31":"tag-topic-valdsbrott-mord","32":"tag-topstories"},"share_on_mastodon":{"url":"https:\/\/pubeurope.com\/@se\/115872356461931447","error":""},"_links":{"self":[{"href":"https:\/\/www.europesays.com\/se\/wp-json\/wp\/v2\/posts\/131785","targetHints":{"allow":["GET"]}}],"collection":[{"href":"https:\/\/www.europesays.com\/se\/wp-json\/wp\/v2\/posts"}],"about":[{"href":"https:\/\/www.europesays.com\/se\/wp-json\/wp\/v2\/types\/post"}],"author":[{"embeddable":true,"href":"https:\/\/www.europesays.com\/se\/wp-json\/wp\/v2\/users\/2"}],"replies":[{"embeddable":true,"href":"https:\/\/www.europesays.com\/se\/wp-json\/wp\/v2\/comments?post=131785"}],"version-history":[{"count":0,"href":"https:\/\/www.europesays.com\/se\/wp-json\/wp\/v2\/posts\/131785\/revisions"}],"wp:featuredmedia":[{"embeddable":true,"href":"https:\/\/www.europesays.com\/se\/wp-json\/wp\/v2\/media\/131786"}],"wp:attachment":[{"href":"https:\/\/www.europesays.com\/se\/wp-json\/wp\/v2\/media?parent=131785"}],"wp:term":[{"taxonomy":"category","embeddable":true,"href":"https:\/\/www.europesays.com\/se\/wp-json\/wp\/v2\/categories?post=131785"},{"taxonomy":"post_tag","embeddable":true,"href":"https:\/\/www.europesays.com\/se\/wp-json\/wp\/v2\/tags?post=131785"}],"curies":[{"name":"wp","href":"https:\/\/api.w.org\/{rel}","templated":true}]}}