{"id":131791,"date":"2026-01-10T19:05:09","date_gmt":"2026-01-10T19:05:09","guid":{"rendered":"https:\/\/www.europesays.com\/se\/131791\/"},"modified":"2026-01-10T19:05:09","modified_gmt":"2026-01-10T19:05:09","slug":"joakim-lundell-hoppar-av-korslaget-finalen-i-sista-sekund","status":"publish","type":"post","link":"https:\/\/www.europesays.com\/se\/131791\/","title":{"rendered":"Joakim Lundell hoppar av \u201dK\u00f6rslaget\u201d-finalen i sista sekund"},"content":{"rendered":"<p>Publicerad 10 jan 2026 kl 17.51Uppdaterad kl 19.38<\/p>\n<p>Bara timmar innan den direkts\u00e4nda finalen av \u201dK\u00f6rslaget\u201d i TV4 hoppar Joakim Lundell av.<\/p>\n<p>Profilen har blivit sjuk och tvingas d\u00e4rf\u00f6r st\u00e4lla in i sista sekund.<\/p>\n<p><img   alt=\"\"\/><\/p>\n<p>Joakim Lundell.<\/p>\n<p>Foto: Karin T\u00f6rnblom\/TT \/ TT NYHETSBYR\u00c5N<\/p>\n<p>\u00d6ppna bild i helsk\u00e4rm<img loading=\"lazy\"   alt=\"\"\/><\/p>\n<p>Joakim Lundell med sin k\u00f6r HRK.<\/p>\n<p>Foto: Karin T\u00f6rnblom\/TT \/ TT NYHETSBYR\u00c5N<\/p>\n<p>\u00d6ppna bild i helsk\u00e4rm<img loading=\"lazy\"   alt=\"\"\/><\/p>\n<p>Eric Saade leder \u201dK\u00f6rslaget\u201d.<\/p>\n<p>Foto: Annika Berglund \/ TV4<\/p>\n<p>\u00d6ppna bild i helsk\u00e4rm<\/p>\n<p>P\u00e5 l\u00f6rdagskv\u00e4llen avg\u00f6rs \u201dK\u00f6rslaget \u2013 tillsammans mot cancer\u201d och i finalen st\u00e5r det mellan Linnea Henriksson, Eric Gadd och Janice Kavander.<\/p>\n<p><a href=\"https:\/\/www.expressen.se\/tagg\/person\/joakim-lundell\/\" class=\"\" rel=\"nofollow noopener\" target=\"_blank\">Joakim Lundell<\/a> har tidigare \u00e5kt ur programmet men skulle ha medverkat i finalens \u00f6ppningsnummer ihop med sin k\u00f6r.<\/p>\n<p>Youtube-profilen har dock blivit sjuk och tvingas d\u00e4rmed st\u00e4lla in med kort varsel.<\/p>\n<p>TV4 har dock inte beh\u00f6vt g\u00f6ra n\u00e5gra stora \u00e4ndringar p\u00e5 grund av avhoppet.<\/p>\n<p>\u201dDet st\u00e4mmer att Joakim tyv\u00e4rr blivit sjuk, och d\u00e4rf\u00f6r inte kan medverka. Men hans k\u00f6r HRK \u00e4r p\u00e5 plats och medverkar i \u00f6ppningsnumret som planerat. Vi hoppas att han kryar p\u00e5 sig och att han f\u00f6ljer finalen hemifr\u00e5n i st\u00e4llet\u201d, skriver Caroline Norrby, producent f\u00f6r \u201dK\u00f6rslaget &#8211; tillsammans mot cancer\u201d i ett meddelande till Expressen.<\/p>\n<p>Joakim Lundells egna ord<\/p>\n<p>I ett meddelande till Expressen ber\u00e4ttar Joakim Lundell om beslutet att st\u00e4lla in:<\/p>\n<p>\u201dJag \u00e4r tyv\u00e4rr sjuk i influensa ihop med flera i familjen s\u00e5 vill inte riskera att smitta fler i k\u00f6ren eller st\u00e5 med feber och f\u00f6rs\u00f6ka se glad ut s\u00e5 f\u00f6r allas b\u00e4sta blir jag hemma i kv\u00e4ll!\u201d.<\/p>\n","protected":false},"excerpt":{"rendered":"Publicerad 10 jan 2026 kl 17.51Uppdaterad kl 19.38 Bara timmar innan den direkts\u00e4nda finalen av \u201dK\u00f6rslaget\u201d i TV4&hellip;\n","protected":false},"author":2,"featured_media":131792,"comment_status":"","ping_status":"","sticky":false,"template":"","format":"standard","meta":{"footnotes":""},"categories":[67],"tags":[104,11798,384,2470,34,645,31,33,32,30,310,105],"class_list":{"0":"post-131791","1":"post","2":"type-post","3":"status-publish","4":"format-standard","5":"has-post-thumbnail","7":"category-underhallning","8":"tag-entertainment","9":"tag-organization-korslaget","10":"tag-organization-tv4","11":"tag-person-joakim-lundell","12":"tag-se","13":"tag-sections-tv","14":"tag-svenska","15":"tag-sverige","16":"tag-sweden","17":"tag-swedish","18":"tag-topic-kandisar","19":"tag-underhallning"},"share_on_mastodon":{"url":"https:\/\/pubeurope.com\/@se\/115872368125026133","error":""},"_links":{"self":[{"href":"https:\/\/www.europesays.com\/se\/wp-json\/wp\/v2\/posts\/131791","targetHints":{"allow":["GET"]}}],"collection":[{"href":"https:\/\/www.europesays.com\/se\/wp-json\/wp\/v2\/posts"}],"about":[{"href":"https:\/\/www.europesays.com\/se\/wp-json\/wp\/v2\/types\/post"}],"author":[{"embeddable":true,"href":"https:\/\/www.europesays.com\/se\/wp-json\/wp\/v2\/users\/2"}],"replies":[{"embeddable":true,"href":"https:\/\/www.europesays.com\/se\/wp-json\/wp\/v2\/comments?post=131791"}],"version-history":[{"count":0,"href":"https:\/\/www.europesays.com\/se\/wp-json\/wp\/v2\/posts\/131791\/revisions"}],"wp:featuredmedia":[{"embeddable":true,"href":"https:\/\/www.europesays.com\/se\/wp-json\/wp\/v2\/media\/131792"}],"wp:attachment":[{"href":"https:\/\/www.europesays.com\/se\/wp-json\/wp\/v2\/media?parent=131791"}],"wp:term":[{"taxonomy":"category","embeddable":true,"href":"https:\/\/www.europesays.com\/se\/wp-json\/wp\/v2\/categories?post=131791"},{"taxonomy":"post_tag","embeddable":true,"href":"https:\/\/www.europesays.com\/se\/wp-json\/wp\/v2\/tags?post=131791"}],"curies":[{"name":"wp","href":"https:\/\/api.w.org\/{rel}","templated":true}]}}