{"id":131795,"date":"2026-01-10T19:08:12","date_gmt":"2026-01-10T19:08:12","guid":{"rendered":"https:\/\/www.europesays.com\/se\/131795\/"},"modified":"2026-01-10T19:08:12","modified_gmt":"2026-01-10T19:08:12","slug":"trump-tar-emot-colombias-ledare","status":"publish","type":"post","link":"https:\/\/www.europesays.com\/se\/131795\/","title":{"rendered":"Trump tar emot Colombias ledare"},"content":{"rendered":"<p><strong>\u201dDet l\u00e5ter bra i <\/strong>mina \u00f6ron\u201d, sade Donald Trump till reportrar ombord Air Force One h\u00e4romdagen.<\/p>\n<p>Kommentaren var ett svar p\u00e5 en fr\u00e5ga huruvida USA kan komma att ingripa i Colombia efter attacken mot Venezuela \u2013 d\u00e4r man tillf\u00e5ngatog ledaren Nicol\u00e1s Maduro och hans fru natten mot den 3 januari \u2013 och f\u00f6regicks av h\u00e4tska utspel d\u00e4r Petro beskrevs som \u201den sjuk man som gillar att tillverka kokain\u201d.<\/p>\n<p>Tidigare i veckan kom s\u00e5 en inbjudan till Colombias president via telefon och p\u00e5 fredagen bekr\u00e4ftade Trump att Petro bes\u00f6ker Vita huset i februari.<\/p>\n<p>\u201dJag ser fram emot att ha ett m\u00f6te med Gustavo Petro, Colombias president, i Vita huset, f\u00f6rsta veckan i februari\u201d, skriver den amerikanske presidenten i ett inl\u00e4gg p\u00e5 sin plattform Truth Social, men till\u00e4gger att \u201dkokain och andra droger m\u00e5ste stoppas fr\u00e5n att n\u00e5 USA\u201d.<\/p>\n<p><strong>Bekr\u00e4ftelsen av m\u00f6tet <\/strong>kom kort efter det att Petro i ett inl\u00e4gg p\u00e5 X meddelat att han talat i telefon med Venezuelas interimspresident Delcy Rodriguez.<\/p>\n<p>\u201dJag har bjudit in Venezuelas nuvarande president att arbeta tillsammans med oss p\u00e5 det h\u00e4r omr\u00e5det\u201d, skriver Petro och efterlyser en gemensam anstr\u00e4ngning i syfte att besegra smugglarna.<\/p>\n","protected":false},"excerpt":{"rendered":"\u201dDet l\u00e5ter bra i mina \u00f6ron\u201d, sade Donald Trump till reportrar ombord Air Force One h\u00e4romdagen. Kommentaren var&hellip;\n","protected":false},"author":2,"featured_media":131796,"comment_status":"","ping_status":"","sticky":false,"template":"","format":"standard","meta":{"footnotes":""},"categories":[14],"tags":[22,23,26,27,17,21,24,25,28,29,15,16,18,34,31,33,32,30,19,20,51,52,53,54],"class_list":{"0":"post-131795","1":"post","2":"type-post","3":"status-publish","4":"format-standard","5":"has-post-thumbnail","7":"category-varlden","8":"tag-breaking-news","9":"tag-breakingnews","10":"tag-featured-news","11":"tag-featurednews","12":"tag-headlines","13":"tag-huvudnyheter","14":"tag-latest-news","15":"tag-latestnews","16":"tag-main-news","17":"tag-mainnews","18":"tag-news","19":"tag-nyheter","20":"tag-rubriker","21":"tag-se","22":"tag-svenska","23":"tag-sverige","24":"tag-sweden","25":"tag-swedish","26":"tag-top-stories","27":"tag-topstories","28":"tag-varlden","29":"tag-world","30":"tag-world-news","31":"tag-worldnews"},"share_on_mastodon":{"url":"https:\/\/pubeurope.com\/@se\/115872379920950519","error":""},"_links":{"self":[{"href":"https:\/\/www.europesays.com\/se\/wp-json\/wp\/v2\/posts\/131795","targetHints":{"allow":["GET"]}}],"collection":[{"href":"https:\/\/www.europesays.com\/se\/wp-json\/wp\/v2\/posts"}],"about":[{"href":"https:\/\/www.europesays.com\/se\/wp-json\/wp\/v2\/types\/post"}],"author":[{"embeddable":true,"href":"https:\/\/www.europesays.com\/se\/wp-json\/wp\/v2\/users\/2"}],"replies":[{"embeddable":true,"href":"https:\/\/www.europesays.com\/se\/wp-json\/wp\/v2\/comments?post=131795"}],"version-history":[{"count":0,"href":"https:\/\/www.europesays.com\/se\/wp-json\/wp\/v2\/posts\/131795\/revisions"}],"wp:featuredmedia":[{"embeddable":true,"href":"https:\/\/www.europesays.com\/se\/wp-json\/wp\/v2\/media\/131796"}],"wp:attachment":[{"href":"https:\/\/www.europesays.com\/se\/wp-json\/wp\/v2\/media?parent=131795"}],"wp:term":[{"taxonomy":"category","embeddable":true,"href":"https:\/\/www.europesays.com\/se\/wp-json\/wp\/v2\/categories?post=131795"},{"taxonomy":"post_tag","embeddable":true,"href":"https:\/\/www.europesays.com\/se\/wp-json\/wp\/v2\/tags?post=131795"}],"curies":[{"name":"wp","href":"https:\/\/api.w.org\/{rel}","templated":true}]}}