{"id":131799,"date":"2026-01-10T19:12:15","date_gmt":"2026-01-10T19:12:15","guid":{"rendered":"https:\/\/www.europesays.com\/se\/131799\/"},"modified":"2026-01-10T19:12:15","modified_gmt":"2026-01-10T19:12:15","slug":"alexander-axen-satter-plus-och-minus-pa-alla-lag","status":"publish","type":"post","link":"https:\/\/www.europesays.com\/se\/131799\/","title":{"rendered":"Alexander Ax\u00e9n s\u00e4tter plus och minus p\u00e5 alla lag"},"content":{"rendered":"<p>expand-left<\/p>\n<p>helsk\u00e4rm<img decoding=\"async\" class=\"image-asset hyperion-css-u06ts1\" data-test-tag=\"image-asset\" src=\"https:\/\/www.europesays.com\/se\/wp-content\/uploads\/2026\/01\/4f85ab02-d712-4a82-b8aa-6210db4f0611.jpeg\"  alt=\"\"  loading=\"eager\" fetchpriority=\"high\" style=\"aspect-ratio:1900 \/ 995\"\/><\/p>\n<p class=\"hyperion-css-1v9qo5x\"><strong>Alexander Ax\u00e9n \u00e4r ny allsvensk expert f\u00f6r Sportbladets r\u00e4kning.<\/strong><\/p>\n<p class=\"hyperion-css-1v9qo5x\"><strong>Hans f\u00f6rsta uppdrag blir att med knappt tre m\u00e5nader till premi\u00e4ren syna samtliga <\/strong><strong>16<\/strong><strong> lag.<\/strong><\/p>\n<p class=\"hyperion-css-1v9qo5x\"><strong>H\u00e4r ger han sin dom om samtliga klubbar \u2013 och delar b\u00e5de ut hyllningar och plockar fram motors\u00e5gen.<\/strong><\/p>\n<p class=\"hyperion-css-1v9qo5x\"><strong>\u2013 Det \u00e4r idioti \u2013 blev n\u00e5gon form av kukm\u00e4tart\u00e4vling, s\u00e4ger han om en av klubbarna.<\/strong><\/p>\n<p class=\"hyperion-css-1v9qo5x\">check Efter flopps\u00e4songen \u2013 tror p\u00e5 sensation 2026: \u201dDe kommer sl\u00e5ss om guldet\u201d<\/p>\n<p class=\"hyperion-css-1v9qo5x\">check Oroande uppgifterna: \u201dL\u00e4ckt ut att de vill byta tr\u00e4nare \u2013 s\u00e5 d\u00e5ligt sk\u00f6tt av styrelsen\u201d<\/p>\n<p class=\"hyperion-css-1v9qo5x\">check \u201dDIF kommer vika ner sig \u2013 de blir tvungna att ta bort honom\u201d<\/p>\n<p class=\"hyperion-css-1v9qo5x\">check Han s\u00e5gas stenh\u00e5rt: \u201dNoll utveckling och ingenting blev b\u00e4ttre \u2013 om\u00f6jligt att forts\u00e4tta med honom\u201d<\/p>\n","protected":false},"excerpt":{"rendered":"expand-left helsk\u00e4rm Alexander Ax\u00e9n \u00e4r ny allsvensk expert f\u00f6r Sportbladets r\u00e4kning. Hans f\u00f6rsta uppdrag blir att med knappt&hellip;\n","protected":false},"author":2,"featured_media":131800,"comment_status":"","ping_status":"","sticky":false,"template":"","format":"standard","meta":{"footnotes":""},"categories":[68],"tags":[34,111,110,31,33,32,30],"class_list":{"0":"post-131799","1":"post","2":"type-post","3":"status-publish","4":"format-standard","5":"has-post-thumbnail","7":"category-sport","8":"tag-se","9":"tag-sport","10":"tag-sports","11":"tag-svenska","12":"tag-sverige","13":"tag-sweden","14":"tag-swedish"},"share_on_mastodon":{"url":"https:\/\/pubeurope.com\/@se\/115872395693531427","error":""},"_links":{"self":[{"href":"https:\/\/www.europesays.com\/se\/wp-json\/wp\/v2\/posts\/131799","targetHints":{"allow":["GET"]}}],"collection":[{"href":"https:\/\/www.europesays.com\/se\/wp-json\/wp\/v2\/posts"}],"about":[{"href":"https:\/\/www.europesays.com\/se\/wp-json\/wp\/v2\/types\/post"}],"author":[{"embeddable":true,"href":"https:\/\/www.europesays.com\/se\/wp-json\/wp\/v2\/users\/2"}],"replies":[{"embeddable":true,"href":"https:\/\/www.europesays.com\/se\/wp-json\/wp\/v2\/comments?post=131799"}],"version-history":[{"count":0,"href":"https:\/\/www.europesays.com\/se\/wp-json\/wp\/v2\/posts\/131799\/revisions"}],"wp:featuredmedia":[{"embeddable":true,"href":"https:\/\/www.europesays.com\/se\/wp-json\/wp\/v2\/media\/131800"}],"wp:attachment":[{"href":"https:\/\/www.europesays.com\/se\/wp-json\/wp\/v2\/media?parent=131799"}],"wp:term":[{"taxonomy":"category","embeddable":true,"href":"https:\/\/www.europesays.com\/se\/wp-json\/wp\/v2\/categories?post=131799"},{"taxonomy":"post_tag","embeddable":true,"href":"https:\/\/www.europesays.com\/se\/wp-json\/wp\/v2\/tags?post=131799"}],"curies":[{"name":"wp","href":"https:\/\/api.w.org\/{rel}","templated":true}]}}