{"id":131803,"date":"2026-01-10T19:17:07","date_gmt":"2026-01-10T19:17:07","guid":{"rendered":"https:\/\/www.europesays.com\/se\/131803\/"},"modified":"2026-01-10T19:17:07","modified_gmt":"2026-01-10T19:17:07","slug":"katten-ingefara-soker-ny-agare-i-flogsta","status":"publish","type":"post","link":"https:\/\/www.europesays.com\/se\/131803\/","title":{"rendered":"Katten Ingef\u00e4ra s\u00f6ker ny \u00e4gare i Flogsta"},"content":{"rendered":"<p>Bondkatten Ingef\u00e4ra kom till Uppsala n\u00e4r hans f\u00f6rsta \u00e4gare flyttade fr\u00e5n en g\u00e5rd in till staden f\u00f6r att studera. N\u00e4r \u00e4garen f\u00f6r ett par \u00e5r sedan flyttade vidare blev Ingef\u00e4ra kvar. I dag \u00e4r utekatten en naturlig del av Flogsta och de boende hj\u00e4lps \u00e5t att ge honom mat och omsorg.\u2013 Han \u00e4r en v\u00e4ldigt speciell katt. Jag brukar s\u00e4ga att han \u00e4r Flogstas katt f\u00f6rst och fr\u00e4ms<\/p>\n","protected":false},"excerpt":{"rendered":"Bondkatten Ingef\u00e4ra kom till Uppsala n\u00e4r hans f\u00f6rsta \u00e4gare flyttade fr\u00e5n en g\u00e5rd in till staden f\u00f6r att&hellip;\n","protected":false},"author":2,"featured_media":131804,"comment_status":"","ping_status":"","sticky":false,"template":"","format":"standard","meta":{"footnotes":""},"categories":[12],"tags":[22,23,26,27,17,21,24,25,28,29,15,16,18,34,31,33,32,30,19,20],"class_list":{"0":"post-131803","1":"post","2":"type-post","3":"status-publish","4":"format-standard","5":"has-post-thumbnail","7":"category-sverige","8":"tag-breaking-news","9":"tag-breakingnews","10":"tag-featured-news","11":"tag-featurednews","12":"tag-headlines","13":"tag-huvudnyheter","14":"tag-latest-news","15":"tag-latestnews","16":"tag-main-news","17":"tag-mainnews","18":"tag-news","19":"tag-nyheter","20":"tag-rubriker","21":"tag-se","22":"tag-svenska","23":"tag-sverige","24":"tag-sweden","25":"tag-swedish","26":"tag-top-stories","27":"tag-topstories"},"share_on_mastodon":{"url":"https:\/\/pubeurope.com\/@se\/115872415269700986","error":""},"_links":{"self":[{"href":"https:\/\/www.europesays.com\/se\/wp-json\/wp\/v2\/posts\/131803","targetHints":{"allow":["GET"]}}],"collection":[{"href":"https:\/\/www.europesays.com\/se\/wp-json\/wp\/v2\/posts"}],"about":[{"href":"https:\/\/www.europesays.com\/se\/wp-json\/wp\/v2\/types\/post"}],"author":[{"embeddable":true,"href":"https:\/\/www.europesays.com\/se\/wp-json\/wp\/v2\/users\/2"}],"replies":[{"embeddable":true,"href":"https:\/\/www.europesays.com\/se\/wp-json\/wp\/v2\/comments?post=131803"}],"version-history":[{"count":0,"href":"https:\/\/www.europesays.com\/se\/wp-json\/wp\/v2\/posts\/131803\/revisions"}],"wp:featuredmedia":[{"embeddable":true,"href":"https:\/\/www.europesays.com\/se\/wp-json\/wp\/v2\/media\/131804"}],"wp:attachment":[{"href":"https:\/\/www.europesays.com\/se\/wp-json\/wp\/v2\/media?parent=131803"}],"wp:term":[{"taxonomy":"category","embeddable":true,"href":"https:\/\/www.europesays.com\/se\/wp-json\/wp\/v2\/categories?post=131803"},{"taxonomy":"post_tag","embeddable":true,"href":"https:\/\/www.europesays.com\/se\/wp-json\/wp\/v2\/tags?post=131803"}],"curies":[{"name":"wp","href":"https:\/\/api.w.org\/{rel}","templated":true}]}}