{"id":131810,"date":"2026-01-10T19:34:28","date_gmt":"2026-01-10T19:34:28","guid":{"rendered":"https:\/\/www.europesays.com\/se\/131810\/"},"modified":"2026-01-10T19:34:28","modified_gmt":"2026-01-10T19:34:28","slug":"skadligt-alkoholbruk-inte-skal-for-aterkallelse-av-korkort","status":"publish","type":"post","link":"https:\/\/www.europesays.com\/se\/131810\/","title":{"rendered":"Skadligt alkoholbruk inte sk\u00e4l f\u00f6r \u00e5terkallelse av k\u00f6rkort"},"content":{"rendered":"<p class=\"wp-block-x-gutenberg-blocks-preamble preamble\"><strong>Alkoholmissbruk eller alkoholbruk som inte \u00e4r tillf\u00e4lligt och ur medicinsk synpunkt skadligt ska inte l\u00e4ngre leda till k\u00f6rkorts\u00e5terkallelse<\/strong>, det har Transportstyrelsen beslutat. <br \/>\u2013 Det k\u00e4nns positivt att ta det f\u00f6rsta steget i f\u00f6r\u00e4ndringarna runt alkohol-konsumtion eftersom vi sett stort behov av regel\u00e4ndringar inom just detta omr\u00e5de, s\u00e4ger enhetschefen Katarina Nor\u00e9n i ett pressmeddelande. <\/p>\n<p>Tidigare har ett k\u00f6rkort kunnat \u00e5terkallas om en person har ett alkoholberoende, alkohol-missbruk eller ett alkoholbruk som inte \u00e4r tillf\u00e4lligt och ur medicinsk synpunkt skadligt. <\/p>\n<p>K\u00f6rkorts\u00e5terkallelse till f\u00f6ljd av alkohol-missbruk eller ett alkoholbruk som inte \u00e4r tillf\u00e4lligt och ur medicinsk synpunkt skadligt har varit svenska s\u00e4rkrav som varit mer l\u00e5ngtg\u00e5ende \u00e4n reglerna i EU:s k\u00f6rkortsdirektiv. <\/p>\n<p>Fr\u00e5n och med den 15 januari avskaffas dessa s\u00e4rkrav. <\/p>\n<p>\u2013 \u00a0Transportstyrelsen har under l\u00e5ng tid arbetat med att f\u00f6r\u00e4ndra de medicinska f\u00f6reskrifterna kring k\u00f6rkortsinnehav. Det k\u00e4nns positivt att ta det f\u00f6rsta steget i f\u00f6r\u00e4ndringarna runt alkohol-konsumtion eftersom vi sett stort behov av regel\u00e4ndringar inom just detta omr\u00e5de. Nu g\u00e5r vi vidare med n\u00e4sta steg i revideringsarbetet, s\u00e4ger enhetschefen Katarina Nor\u00e9n i pressmeddelandet. <\/p>\n","protected":false},"excerpt":{"rendered":"Alkoholmissbruk eller alkoholbruk som inte \u00e4r tillf\u00e4lligt och ur medicinsk synpunkt skadligt ska inte l\u00e4ngre leda till k\u00f6rkorts\u00e5terkallelse,&hellip;\n","protected":false},"author":2,"featured_media":131811,"comment_status":"","ping_status":"","sticky":false,"template":"","format":"standard","meta":{"footnotes":""},"categories":[12],"tags":[22,23,26,27,17,21,24,25,28,29,15,16,18,34,31,33,32,30,19,20],"class_list":{"0":"post-131810","1":"post","2":"type-post","3":"status-publish","4":"format-standard","5":"has-post-thumbnail","7":"category-sverige","8":"tag-breaking-news","9":"tag-breakingnews","10":"tag-featured-news","11":"tag-featurednews","12":"tag-headlines","13":"tag-huvudnyheter","14":"tag-latest-news","15":"tag-latestnews","16":"tag-main-news","17":"tag-mainnews","18":"tag-news","19":"tag-nyheter","20":"tag-rubriker","21":"tag-se","22":"tag-svenska","23":"tag-sverige","24":"tag-sweden","25":"tag-swedish","26":"tag-top-stories","27":"tag-topstories"},"share_on_mastodon":{"url":"https:\/\/pubeurope.com\/@se\/115872482067864591","error":""},"_links":{"self":[{"href":"https:\/\/www.europesays.com\/se\/wp-json\/wp\/v2\/posts\/131810","targetHints":{"allow":["GET"]}}],"collection":[{"href":"https:\/\/www.europesays.com\/se\/wp-json\/wp\/v2\/posts"}],"about":[{"href":"https:\/\/www.europesays.com\/se\/wp-json\/wp\/v2\/types\/post"}],"author":[{"embeddable":true,"href":"https:\/\/www.europesays.com\/se\/wp-json\/wp\/v2\/users\/2"}],"replies":[{"embeddable":true,"href":"https:\/\/www.europesays.com\/se\/wp-json\/wp\/v2\/comments?post=131810"}],"version-history":[{"count":0,"href":"https:\/\/www.europesays.com\/se\/wp-json\/wp\/v2\/posts\/131810\/revisions"}],"wp:featuredmedia":[{"embeddable":true,"href":"https:\/\/www.europesays.com\/se\/wp-json\/wp\/v2\/media\/131811"}],"wp:attachment":[{"href":"https:\/\/www.europesays.com\/se\/wp-json\/wp\/v2\/media?parent=131810"}],"wp:term":[{"taxonomy":"category","embeddable":true,"href":"https:\/\/www.europesays.com\/se\/wp-json\/wp\/v2\/categories?post=131810"},{"taxonomy":"post_tag","embeddable":true,"href":"https:\/\/www.europesays.com\/se\/wp-json\/wp\/v2\/tags?post=131810"}],"curies":[{"name":"wp","href":"https:\/\/api.w.org\/{rel}","templated":true}]}}