{"id":131816,"date":"2026-01-10T19:57:07","date_gmt":"2026-01-10T19:57:07","guid":{"rendered":"https:\/\/www.europesays.com\/se\/131816\/"},"modified":"2026-01-10T19:57:07","modified_gmt":"2026-01-10T19:57:07","slug":"norge-fredspriset-kan-inte-delas-med-trump","status":"publish","type":"post","link":"https:\/\/www.europesays.com\/se\/131816\/","title":{"rendered":"Norge: Fredspriset kan inte delas med Trump"},"content":{"rendered":"<p>\u201dReglerna \u00e4r tydliga och v\u00e4letablerade. N\u00e4r ett pris har meddelats kan det inte dras tillbaka, delas eller ges vidare till andra personer. Det beslutet \u00e4r slutgiltigt och g\u00e4ller f\u00f6r all framtid\u201d, skriver de i ett uttalande.<\/p>\n<p>Machado ska tr\u00e4ffa Trump n\u00e4sta vecka.<\/p>\n<p>\u2013 Jag skulle verkligen personligen vilja s\u00e4ga till honom att vi \u2013 det venezuelanska folket, f\u00f6r det h\u00e4r \u00e4r ett pris f\u00f6r det venezuelanska folket \u2013 skulle vilja ge det till honom och dela det med honom, sade Machado till Fox News i veckan.<\/p>\n<p>Sedan USA tillf\u00e5ngatog Venezuelas president Nicol\u00e1s Maduro har Washington valt att, \u00e5tminstone kortsiktigt, st\u00f6tta resterna av hans regim, som leds av interimspresidenten Delcy Rodr\u00edguez.<\/p>\n<p>Efter tillf\u00e5ngatagandet sade Trump att Machado varken har &#8221;tillr\u00e4ckligt st\u00f6d eller respekt inom landet f\u00f6r att leda vid en demokratisk \u00f6verg\u00e5ng\u201d.<\/p>\n","protected":false},"excerpt":{"rendered":"\u201dReglerna \u00e4r tydliga och v\u00e4letablerade. N\u00e4r ett pris har meddelats kan det inte dras tillbaka, delas eller ges&hellip;\n","protected":false},"author":2,"featured_media":131817,"comment_status":"","ping_status":"","sticky":false,"template":"","format":"standard","meta":{"footnotes":""},"categories":[14],"tags":[22,23,26,27,17,21,24,25,28,29,15,16,18,34,31,33,32,30,19,20,51,52,53,54],"class_list":{"0":"post-131816","1":"post","2":"type-post","3":"status-publish","4":"format-standard","5":"has-post-thumbnail","7":"category-varlden","8":"tag-breaking-news","9":"tag-breakingnews","10":"tag-featured-news","11":"tag-featurednews","12":"tag-headlines","13":"tag-huvudnyheter","14":"tag-latest-news","15":"tag-latestnews","16":"tag-main-news","17":"tag-mainnews","18":"tag-news","19":"tag-nyheter","20":"tag-rubriker","21":"tag-se","22":"tag-svenska","23":"tag-sverige","24":"tag-sweden","25":"tag-swedish","26":"tag-top-stories","27":"tag-topstories","28":"tag-varlden","29":"tag-world","30":"tag-world-news","31":"tag-worldnews"},"share_on_mastodon":{"url":"https:\/\/pubeurope.com\/@se\/115872572522307631","error":""},"_links":{"self":[{"href":"https:\/\/www.europesays.com\/se\/wp-json\/wp\/v2\/posts\/131816","targetHints":{"allow":["GET"]}}],"collection":[{"href":"https:\/\/www.europesays.com\/se\/wp-json\/wp\/v2\/posts"}],"about":[{"href":"https:\/\/www.europesays.com\/se\/wp-json\/wp\/v2\/types\/post"}],"author":[{"embeddable":true,"href":"https:\/\/www.europesays.com\/se\/wp-json\/wp\/v2\/users\/2"}],"replies":[{"embeddable":true,"href":"https:\/\/www.europesays.com\/se\/wp-json\/wp\/v2\/comments?post=131816"}],"version-history":[{"count":0,"href":"https:\/\/www.europesays.com\/se\/wp-json\/wp\/v2\/posts\/131816\/revisions"}],"wp:featuredmedia":[{"embeddable":true,"href":"https:\/\/www.europesays.com\/se\/wp-json\/wp\/v2\/media\/131817"}],"wp:attachment":[{"href":"https:\/\/www.europesays.com\/se\/wp-json\/wp\/v2\/media?parent=131816"}],"wp:term":[{"taxonomy":"category","embeddable":true,"href":"https:\/\/www.europesays.com\/se\/wp-json\/wp\/v2\/categories?post=131816"},{"taxonomy":"post_tag","embeddable":true,"href":"https:\/\/www.europesays.com\/se\/wp-json\/wp\/v2\/tags?post=131816"}],"curies":[{"name":"wp","href":"https:\/\/api.w.org\/{rel}","templated":true}]}}