{"id":131818,"date":"2026-01-10T20:18:07","date_gmt":"2026-01-10T20:18:07","guid":{"rendered":"https:\/\/www.europesays.com\/se\/131818\/"},"modified":"2026-01-10T20:18:07","modified_gmt":"2026-01-10T20:18:07","slug":"hemliga-kvallarna-narsvt-kamerorna-slocknat-i-stjarnorna-pa-slottet","status":"publish","type":"post","link":"https:\/\/www.europesays.com\/se\/131818\/","title":{"rendered":"Hemliga kv\u00e4llarna n\u00e4r\nSVT-kamerorna slocknat i Stj\u00e4rnorna p\u00e5 slottet"},"content":{"rendered":"<p>Publicerad 10 jan 2026 kl 21.00<\/p>\n<p>Han k\u00e4nde sig hedrad att f\u00e5 fr\u00e5gan, men k\u00e4nde att han inte borde vara d\u00e4r.\u00a0<\/p>\n<p>Efter ett konflikfyllt liv blev \u201dStj\u00e4rnorna p\u00e5 slottet\u201d och vinkv\u00e4llarna en fin, men m\u00e4rklig upplevelse enligt Johan Hedenberg.<\/p>\n<p>\u2013 Gruppterapi f\u00f6r narcissister eller vad \u00e4r det fr\u00e5gan om?<\/p>\n<p><img   alt=\"\"\/><\/p>\n<p>Johan Hedenberg tyckte det var m\u00e4rkligt att vara med i \u201dStj\u00e4rnorna p\u00e5 slottet\u201d.<\/p>\n<p>Foto: SVT<\/p>\n<p>\u00d6ppna bild i helsk\u00e4rm<img loading=\"lazy\"   alt=\"\"\/><\/p>\n<p>Lotta Engberg.<\/p>\n<p>Foto: SVT<\/p>\n<p>\u00d6ppna bild i helsk\u00e4rm<img loading=\"lazy\"   alt=\"\"\/><\/p>\n<p>Lasse Kron\u00e9r och Martin \u201dE-type\u201d Eriksson.<\/p>\n<p>Foto: SVT<\/p>\n<p>\u00d6ppna bild i helsk\u00e4rm<\/p>\n<p>Johan Hedenberg har varit aktiv sedan tidigt 1980-tal, p\u00e5 svensk filmdatabas har han 89 filmer listade i sitt namn. D\u00e5 \u00e4r inte tv-serier och teaterupps\u00e4ttningar inr\u00e4knade.\u00a0<\/p>\n<p>Trots detta hade han inte r\u00e4knat med att f\u00e5 fr\u00e5gan att vara med i \u201d<a href=\"https:\/\/www.expressen.se\/tagg\/organization\/stjarnorna-pa-slottet\/\" class=\"\" rel=\"nofollow noopener\" target=\"_blank\">Stj\u00e4rnorna p\u00e5 slottet<\/a>\u201d.<\/p>\n<p>\u2013 Jag k\u00e4nde mig hedrad p\u00e5 alla s\u00e4tt och vis. Jag hade inte t\u00e4nkt tanken ens, s\u00e4ger han och till\u00e4gger:<\/p>\n<p>\u2013 Jag spelar inte \u00f6dmjuk nu, utan det \u00e4r s\u00e5.<\/p>\n<p>Samtidigt j\u00e4mf\u00f6rde han sig med de andra deltagarna och k\u00e4nde att han kanske inte riktigt borde vara d\u00e4r.\u00a0<\/p>\n<p>\u2013 De andra \u00e4r ju stj\u00e4rnor. B\u00e5de Martin (E-type) och jag sa s\u00e5 h\u00e4r: \u201dVad fan g\u00f6r vi h\u00e4r?\u201d, \u201dJa men du ska ju vara h\u00e4r\u201d sa jag till Martin.<\/p>\n<p>Men under programmet gick n\u00e5got upp f\u00f6r honom: Det han k\u00e4nde till om de andra var deras framg\u00e5ngar, men inte v\u00e4gen dit. De sidorna kom fram under programmets g\u00e5ng.<\/p>\n<p>\u2013 D\u00e5 uppt\u00e4cker man att de \u00e4r ju ocks\u00e5 vanliga m\u00e4nniskor precis som jag. Som har k\u00e4mpat och str\u00e4vat efter n\u00e5gonting och brottats med \u00e4n det ena och \u00e4n det andra, s\u00e4ger han.\u00a0<\/p>\n<p>\u201dGruppterapi f\u00f6r narcissister\u201d<\/p>\n<p>Johan Hedenberg ber\u00e4ttar att programmets uppl\u00e4gg g\u00f6r att det blir det ett s\u00e4tt att umg\u00e5s p\u00e5 som man inte f\u00e5r vara med om annars.<\/p>\n<p>\u2013 Samtidigt k\u00e4nns det konstigt med alla kameror som sl\u00e5s p\u00e5 f\u00f6r det blir en dubbel k\u00e4nsla: \u201dDet \u00e4r s\u00e5 h\u00e4r, gruppterapi f\u00f6r narcissister eller vad \u00e4r det fr\u00e5gan om?\u201d, s\u00e4ger han och skrattar.\u00a0<\/p>\n<p>Vinkv\u00e4llarna som \u201dtre spruckna tekoppar\u201d<\/p>\n<p>G\u00e4nget kom varandra v\u00e4ldigt n\u00e4ra under inspelningen. Och vinkv\u00e4llarna med Lasse Kron\u00e9r och Lotta Engberg, n\u00e4r kamerorna slocknat, minns han med extra v\u00e4rme.\u00a0<\/p>\n<p>\u2013 Den h\u00e4r stunden efter\u00e5t med Lasse och Lotta var underbar i m\u00f6rkret d\u00e4r ute i bers\u00e5n. S\u00e5 tog vi ett glas vin och var ute i sommarnatten och hade v\u00e4ldigt trevligt.<\/p>\n<p>I programmet f\u00e5r tittarna h\u00f6ra om hans liv och karri\u00e4r som kantats av dispyter.<\/p>\n<p>\u2013 Jag \u00e4r s\u00e5 gammal nu va, s\u00e5 jag \u00e4r s\u00e5 tr\u00f6tt p\u00e5 konflikter f\u00f6r jag har haft s\u00e5 j\u00e4vla mycket konflikter hela mitt liv och skapat dem sj\u00e4lv p\u00e5 grund av olika sk\u00e4l, s\u00e4ger han och forts\u00e4tter:<\/p>\n<p>\u2013 Och det \u00e4r s\u00e5 underbart nu. Vi satt d\u00e4r som tre spruckna tekoppar liksom, vi hade n\u00e5gra sprickor i och alla var vackra p\u00e5 sitt s\u00e4tt.<\/p>\n","protected":false},"excerpt":{"rendered":"Publicerad 10 jan 2026 kl 21.00 Han k\u00e4nde sig hedrad att f\u00e5 fr\u00e5gan, men k\u00e4nde att han inte&hellip;\n","protected":false},"author":2,"featured_media":131819,"comment_status":"","ping_status":"","sticky":false,"template":"","format":"standard","meta":{"footnotes":""},"categories":[67],"tags":[104,12652,4929,1356,34,645,31,33,32,30,646,105],"class_list":{"0":"post-131818","1":"post","2":"type-post","3":"status-publish","4":"format-standard","5":"has-post-thumbnail","7":"category-underhallning","8":"tag-entertainment","9":"tag-organization-stjarnorna-pa-slottet","10":"tag-person-lasse-kroner","11":"tag-person-lotta-engberg","12":"tag-se","13":"tag-sections-tv","14":"tag-svenska","15":"tag-sverige","16":"tag-sweden","17":"tag-swedish","18":"tag-topic-tv-serier","19":"tag-underhallning"},"share_on_mastodon":{"url":"https:\/\/pubeurope.com\/@se\/115872655181060903","error":""},"_links":{"self":[{"href":"https:\/\/www.europesays.com\/se\/wp-json\/wp\/v2\/posts\/131818","targetHints":{"allow":["GET"]}}],"collection":[{"href":"https:\/\/www.europesays.com\/se\/wp-json\/wp\/v2\/posts"}],"about":[{"href":"https:\/\/www.europesays.com\/se\/wp-json\/wp\/v2\/types\/post"}],"author":[{"embeddable":true,"href":"https:\/\/www.europesays.com\/se\/wp-json\/wp\/v2\/users\/2"}],"replies":[{"embeddable":true,"href":"https:\/\/www.europesays.com\/se\/wp-json\/wp\/v2\/comments?post=131818"}],"version-history":[{"count":0,"href":"https:\/\/www.europesays.com\/se\/wp-json\/wp\/v2\/posts\/131818\/revisions"}],"wp:featuredmedia":[{"embeddable":true,"href":"https:\/\/www.europesays.com\/se\/wp-json\/wp\/v2\/media\/131819"}],"wp:attachment":[{"href":"https:\/\/www.europesays.com\/se\/wp-json\/wp\/v2\/media?parent=131818"}],"wp:term":[{"taxonomy":"category","embeddable":true,"href":"https:\/\/www.europesays.com\/se\/wp-json\/wp\/v2\/categories?post=131818"},{"taxonomy":"post_tag","embeddable":true,"href":"https:\/\/www.europesays.com\/se\/wp-json\/wp\/v2\/tags?post=131818"}],"curies":[{"name":"wp","href":"https:\/\/api.w.org\/{rel}","templated":true}]}}