{"id":131820,"date":"2026-01-10T20:23:09","date_gmt":"2026-01-10T20:23:09","guid":{"rendered":"https:\/\/www.europesays.com\/se\/131820\/"},"modified":"2026-01-10T20:23:09","modified_gmt":"2026-01-10T20:23:09","slug":"stokigt-nar-aston-villa-slog-ut-tottenham-ur-fa-cupen","status":"publish","type":"post","link":"https:\/\/www.europesays.com\/se\/131820\/","title":{"rendered":"St\u00f6kigt n\u00e4r Aston Villa slog ut Tottenham ur FA-cupen"},"content":{"rendered":"<p><a data-test-tag=\"internal-link\" href=\"https:\/\/www.aftonbladet.se\/av\/benjamin-hanafi\" class=\"hyperion-css-13ns1rr\" rel=\"nofollow noopener\" target=\"\" aria-label=\"Se alla artiklar av Benjamin Hanafi\"><img decoding=\"async\" class=\"image-asset hyperion-css-n6kkq1\" data-test-tag=\"image-asset\" src=\"https:\/\/www.europesays.com\/se\/wp-content\/uploads\/2026\/01\/1768076589_254_ed296fd6-161a-49a4-8ec7-d71c8d0a5a1b.png\"  alt=\"\"  loading=\"lazy\" fetchpriority=\"auto\" style=\"aspect-ratio:1900 \/ 1900\"\/><\/a><\/p>\n<p class=\"boxtextgrotesk-root_baa6 hyperion-css-1w346fg\">Uppdaterad 21.10 | Publicerad 20.58<\/p>\n<p>share-arrowDela<\/p>\n<p>unsaveSpara<\/p>\n<p>Lyssna p\u00e5 artikelnLyssna p\u00e5&#8230;<\/p>\n<p class=\"hyperion-css-1shl3oz\" data-test-tag=\"lead-text\">Aston Villa slog ut Tottenham ur FA-cupen.<\/p>\n<p class=\"hyperion-css-1shl3oz\" data-test-tag=\"lead-text\">P\u00e5 slutsignalen blev det rej\u00e4lt st\u00f6kigt mellan lagen.<\/p>\n<p class=\"hyperion-css-1v9qo5x\">Villa kopplade grepp i den f\u00f6rsta halvleken och gick till pausvila med en 2\u20130 ledning efter m\u00e5l av Emiliano Buendia och Morgan Rogers.<\/p>\n<p class=\"hyperion-css-1v9qo5x\">Wilson Odobert reducerade i andra halvlek men n\u00e5gra fler m\u00e5l blev det inte.<\/p>\n<p class=\"hyperion-css-1v9qo5x\">Aston Villa avancerar till den fj\u00e4rde rundan efter 2\u20131 p\u00e5 Tottenham Hotspur Stadium.<\/p>\n<p>R\u00f6k ihop efter matchen<\/p>\n<p class=\"hyperion-css-1v9qo5x\">N\u00e4r domaren bl\u00e5ste i visslan utbr\u00f6t kaos i Tottenhams straffomr\u00e5de.<\/p>\n<p class=\"hyperion-css-1v9qo5x\">Morgan Rogers och Joao Palhinha hamnade i luven p\u00e5 varandra och flera spelare ansl\u00f6t till tumultet.<\/p>\n<p class=\"hyperion-css-1v9qo5x\">Spelare, ledare och s\u00e4kerhetspersonal kom dit och kunde n\u00e5gorlunda snabbt lugna ner situationen.<\/p>\n<p class=\"hyperion-css-1v9qo5x\">Victor Nilsson Lindel\u00f6f satt p\u00e5 Villas b\u00e4nk matchen igenom, och Lucas Bergvall var inte med i truppen p\u00e5 grund av skada.<\/p>\n<p>chevron-leftf\u00f6reg\u00e5endechevron-rightn\u00e4staAston Villas Morgan Rogers och Tottenhams Joao Palhinha r\u00f6k ihop.<\/p>\n<p>1 \/ 3Foto: Ryan Pierse \/ Getty Images<\/p>\n<p>H\u00e4ndelserInb\u00f6rdes m\u00f6ten5 senasteLaguppst\u00e4llning<\/p>\n<p>Domare: Craig Pawson<\/p>\n<ul class=\"eventperiod-eventList_faaa\">\n<li class=\"eventrow-eventRow_630f\">\n<p>9&#8242;<\/p>\n<\/li>\n<li class=\"eventrow-eventRow_630f\">\n<p>22&#8242;<\/p>\n<p>D. Malen <b>E. Buendia\u00a0(0-1)\u00a0<\/b><\/p>\n<\/li>\n<li class=\"eventrow-eventRow_630f\">\n<p><b>R. Kolo Muani<\/b>\u00a0Richarlison<\/p>\n<p>31&#8242;<\/p>\n<\/li>\n<li class=\"eventrow-eventRow_630f\">\n<p>45&#8217;+3<\/p>\n<p>E. Buendia <b>M. Rogers\u00a0(0-2)\u00a0<\/b><\/p>\n<\/li>\n<\/ul>\n<ul class=\"eventperiod-eventList_faaa\">\n<li class=\"eventrow-eventRow_630f\">\n<p>R. Kolo Muani <b>W. Odobert\u00a0(1-2)\u00a0<\/b><\/p>\n<p>54&#8242;<\/p>\n<\/li>\n<li class=\"eventrow-eventRow_630f\">\n<p>57&#8242;<\/p>\n<\/li>\n<li class=\"eventrow-eventRow_630f\">\n<p>64&#8242;<\/p>\n<\/li>\n<li class=\"eventrow-eventRow_630f\">\n<p>67&#8242;<\/p>\n<\/li>\n<li class=\"eventrow-eventRow_630f\">\n<p>78&#8242;<\/p>\n<\/li>\n<li class=\"eventrow-eventRow_630f\">\n<p>81&#8242;<\/p>\n<\/li>\n<li class=\"eventrow-eventRow_630f\">\n<p>83&#8242;<\/p>\n<\/li>\n<li class=\"eventrow-eventRow_630f\">\n<p>85&#8242;<\/p>\n<\/li>\n<\/ul>\n<p><a class=\"default eventsummary-followLink_0f93 hyperion-css-1u8qly9\" href=\"https:\/\/malservice.aftonbladet.se\/match\/_\/729848\/rapport\" target=\"_blank\" rel=\"noopener noreferrer nofollow\" data-test-tag=\"external-link\">L\u00e4s mer p\u00e5 M\u00e5lservicechevron-right<\/a><\/p>\n","protected":false},"excerpt":{"rendered":"Uppdaterad 21.10 | Publicerad 20.58 share-arrowDela unsaveSpara Lyssna p\u00e5 artikelnLyssna p\u00e5&#8230; Aston Villa slog ut Tottenham ur FA-cupen.&hellip;\n","protected":false},"author":2,"featured_media":131821,"comment_status":"","ping_status":"","sticky":false,"template":"","format":"standard","meta":{"footnotes":""},"categories":[5],"tags":[22,23,26,27,17,21,24,25,28,29,15,16,18,34,31,33,32,30,19,20],"class_list":{"0":"post-131820","1":"post","2":"type-post","3":"status-publish","4":"format-standard","5":"has-post-thumbnail","7":"category-rubriker","8":"tag-breaking-news","9":"tag-breakingnews","10":"tag-featured-news","11":"tag-featurednews","12":"tag-headlines","13":"tag-huvudnyheter","14":"tag-latest-news","15":"tag-latestnews","16":"tag-main-news","17":"tag-mainnews","18":"tag-news","19":"tag-nyheter","20":"tag-rubriker","21":"tag-se","22":"tag-svenska","23":"tag-sverige","24":"tag-sweden","25":"tag-swedish","26":"tag-top-stories","27":"tag-topstories"},"share_on_mastodon":{"url":"https:\/\/pubeurope.com\/@se\/115872674789956675","error":""},"_links":{"self":[{"href":"https:\/\/www.europesays.com\/se\/wp-json\/wp\/v2\/posts\/131820","targetHints":{"allow":["GET"]}}],"collection":[{"href":"https:\/\/www.europesays.com\/se\/wp-json\/wp\/v2\/posts"}],"about":[{"href":"https:\/\/www.europesays.com\/se\/wp-json\/wp\/v2\/types\/post"}],"author":[{"embeddable":true,"href":"https:\/\/www.europesays.com\/se\/wp-json\/wp\/v2\/users\/2"}],"replies":[{"embeddable":true,"href":"https:\/\/www.europesays.com\/se\/wp-json\/wp\/v2\/comments?post=131820"}],"version-history":[{"count":0,"href":"https:\/\/www.europesays.com\/se\/wp-json\/wp\/v2\/posts\/131820\/revisions"}],"wp:featuredmedia":[{"embeddable":true,"href":"https:\/\/www.europesays.com\/se\/wp-json\/wp\/v2\/media\/131821"}],"wp:attachment":[{"href":"https:\/\/www.europesays.com\/se\/wp-json\/wp\/v2\/media?parent=131820"}],"wp:term":[{"taxonomy":"category","embeddable":true,"href":"https:\/\/www.europesays.com\/se\/wp-json\/wp\/v2\/categories?post=131820"},{"taxonomy":"post_tag","embeddable":true,"href":"https:\/\/www.europesays.com\/se\/wp-json\/wp\/v2\/tags?post=131820"}],"curies":[{"name":"wp","href":"https:\/\/api.w.org\/{rel}","templated":true}]}}