{"id":131823,"date":"2026-01-10T20:31:10","date_gmt":"2026-01-10T20:31:10","guid":{"rendered":"https:\/\/www.europesays.com\/se\/131823\/"},"modified":"2026-01-10T20:31:10","modified_gmt":"2026-01-10T20:31:10","slug":"gift-bort-barron-trump-och-fa-gronland","status":"publish","type":"post","link":"https:\/\/www.europesays.com\/se\/131823\/","title":{"rendered":"Gift bort Barron Trump och f\u00e5 Gr\u00f6nland"},"content":{"rendered":"<p>Donald Trumps \u00e5terkommande utspel om Gr\u00f6nland har v\u00e4ckt starka reaktioner v\u00e4rlden \u00f6ver.<\/p>\n<p>Nu v\u00e4cks spekulationer p\u00e5 n\u00e4tet om att en kunglig k\u00e4rleksaff\u00e4r mellan presidentsonen Barron Trump och prinsessan Isabella av Danmark kan l\u00f6sa konflikten.<\/p>\n<p>Senaste klippen om Trump-administrationen.<img   alt=\"\"\/><\/p>\n<p>Melania Trump, sonen Barron Trump och Melanias far Viktor Knavs lyssnar n\u00e4r Donald Trump talar under Republikanernas valvaka 2024.<\/p>\n<p>Foto: ALEX BRANDON \/ AP TT NYHETSBYR\u00c5N<\/p>\n<p>\u00d6ppna bild i helsk\u00e4rm<img loading=\"lazy\"   alt=\"\"\/><\/p>\n<p>Prinsessan Isabella under ett offentligt framtr\u00e4dande med den danska kungafamiljen i K\u00f6penhamn den 26 maj f\u00f6rra \u00e5ret.<\/p>\n<p>Foto: MISC \/ BACKGRID US \/ TT \/ TT NYHETSBYR\u00c5N<\/p>\n<p>\u00d6ppna bild i helsk\u00e4rm<img loading=\"lazy\"   alt=\"\"\/><\/p>\n<p>USA:s president Donald Trump talar under en presskonferens p\u00e5 Mar-a-Lago den 3 januari 2026.<\/p>\n<p>Foto: ALEX BRANDON \/ AP TT NYHETSBYR\u00c5N<\/p>\n<p>\u00d6ppna bild i helsk\u00e4rm<\/p>\n<p>Det bisarra f\u00f6rslaget tog fart efter att den amerikanska journalisten och tv-profilen Megyn Kelly \u00e5terpublicerade ett inl\u00e4gg p\u00e5 X.\u00a0<\/p>\n<p>D\u00e4r f\u00f6rel\u00e5s att prinsessan Isabella av Danmark, 18, ska gifta sig med Donald Trumps yngste son, Barron Trump, 19, och att Gr\u00f6nland ges till <a href=\"https:\/\/www.expressen.se\/tagg\/location\/usa\/\" class=\"\" rel=\"nofollow noopener\" target=\"_blank\">USA<\/a> som en form av hemgift.\u00a0<\/p>\n<p><a href=\"https:\/\/x.com\/megynkelly\/status\/2009110112053731673\" data-provider=\"twitter\" class=\"js-social-embed\" rel=\"nofollow\">https:\/\/x.com\/megynkelly\/status\/2009110112053731673<\/a>F\u00e5tt stor spridning<\/p>\n<p>Kelly, som mellan 2004 och 2017 var anst\u00e4lld p\u00e5 Fox News och \u00e4r en \u00f6vertygad Trumpanh\u00e4ngare, beskriver inneh\u00e5llet som \u201dmetapolitisk satir\u201d, men med sina \u00f6ver 3,6 miljoner f\u00f6ljare bidrog hon till att inl\u00e4gget snabbt fick global spridning.\u00a0<\/p>\n<p>Kommentarerna str\u00f6mmar in, sk\u00e4mten haglar och AI-genererade bilder p\u00e5 det p\u00e5st\u00e5dda paret cirkulerar flitigt p\u00e5 n\u00e4tet.<\/p>\n<p>Den norska kungaexperten Caroline Vagle \u00e4r d\u00e4remot inte lika road. Hon avf\u00e4rdar id\u00e9n best\u00e4mt.<\/p>\n<p>\u2013 Vi f\u00e5r verkligen hoppas att detta f\u00f6rblir ett sk\u00e4mt. Det \u00e4r lyckligtvis inte kungliga \u00e4ktenskap som l\u00f6ser utrikespolitik i dag, s\u00e4ger hon till <a href=\"https:\/\/www.dagbladet.no\/kjendis\/gar-verden-rundt-bor-gifte-seg\/84076634\" rel=\"nofollow noopener\" target=\"_blank\">Dagbladet<\/a>.<\/p>\n<p>\u201dInte realistiskt\u201d<\/p>\n<p>\u00c4ven den danska hovexperten Lars Hovbakke S\u00f8rensen s\u00e5gar f\u00f6rslaget.<\/p>\n<p>\u2013 Svaret p\u00e5 det \u00e4r nej. Det \u00e4r inte realistiskt nuf\u00f6rtiden, s\u00e4ger han till BT och f\u00f6rklarar att arrangerade \u00e4ktenskap som diplomatiskt verktyg upph\u00f6rde under tidigt 1900-tal, i takt med demokratins genombrott.<\/p>\n<p>Bakgrunden till f\u00f6rslaget \u00e4r Trumps upprepade uttalanden om att USA \u201dbeh\u00f6ver\u201d Gr\u00f6nland, n\u00e5got som m\u00f6tt kraftiga protester fr\u00e5n Danmark och flera europeiska allierade.<\/p>\n<p>I en intervju med New York Times p\u00e5 torsdagen fick Trump fr\u00e5gan om han ser n\u00e5gra gr\u00e4nser f\u00f6r sin egen globala makt:<\/p>\n<p>\u2013 Ja, det finns en sak: min egen moral. Mitt eget sinne. Det \u00e4r det enda som kan stoppa mig, svarade han.<\/p>\n<p><strong>L\u00c4S MER: <\/strong><a href=\"https:\/\/www.expressen.se\/nyheter\/varlden\/diskussion-i-usa-skicka-klumpsumma-till-gronland\/\" class=\"\" rel=\"nofollow noopener\" target=\"_blank\">Diskussion i USA: Skicka klumpsumma till Gr\u00f6nland<\/a><strong>L\u00c4S MER: <\/strong><a href=\"https:\/\/www.expressen.se\/nyheter\/varlden\/trumps-vanner-rasar-sa-kan-planen-stoppas\/\" class=\"\" rel=\"nofollow noopener\" target=\"_blank\">Trumps v\u00e4nner rasar \u2013 s\u00e5 kan planerna om Gr\u00f6nland stoppas<\/a><strong>L\u00c4S MER: <\/strong><a href=\"https:\/\/www.expressen.se\/nyheter\/varlden\/danmark-skjuter-forst-pratar-sen\/\" class=\"\" rel=\"nofollow noopener\" target=\"_blank\">Danmark: \u201dSkjuter f\u00f6rst \u2013 pratar sen\u201d<\/a>USA:s k\u00e4rnvapenplan f\u00f6r Gr\u00f6nland: \u201dGud f\u00f6rbjude\u201d<\/p>\n","protected":false},"excerpt":{"rendered":"Donald Trumps \u00e5terkommande utspel om Gr\u00f6nland har v\u00e4ckt starka reaktioner v\u00e4rlden \u00f6ver. Nu v\u00e4cks spekulationer p\u00e5 n\u00e4tet om&hellip;\n","protected":false},"author":2,"featured_media":131824,"comment_status":"","ping_status":"","sticky":false,"template":"","format":"standard","meta":{"footnotes":""},"categories":[5],"tags":[22,23,26,27,17,21,24,25,3123,2034,45,28,29,15,13375,16,4506,198,18,34,55,31,33,32,30,19,204,20],"class_list":{"0":"post-131823","1":"post","2":"type-post","3":"status-publish","4":"format-standard","5":"has-post-thumbnail","7":"category-rubriker","8":"tag-breaking-news","9":"tag-breakingnews","10":"tag-featured-news","11":"tag-featurednews","12":"tag-headlines","13":"tag-huvudnyheter","14":"tag-latest-news","15":"tag-latestnews","16":"tag-location-danmark","17":"tag-location-gronland","18":"tag-location-usa","19":"tag-main-news","20":"tag-mainnews","21":"tag-news","22":"tag-newsstory-donald-trumps-hot-mot-gronland","23":"tag-nyheter","24":"tag-person-barron-trump","25":"tag-person-donald-trump","26":"tag-rubriker","27":"tag-se","28":"tag-sections-varlden","29":"tag-svenska","30":"tag-sverige","31":"tag-sweden","32":"tag-swedish","33":"tag-top-stories","34":"tag-topic-amerikansk-politik","35":"tag-topstories"},"share_on_mastodon":{"url":"https:\/\/pubeurope.com\/@se\/115872706290615849","error":""},"_links":{"self":[{"href":"https:\/\/www.europesays.com\/se\/wp-json\/wp\/v2\/posts\/131823","targetHints":{"allow":["GET"]}}],"collection":[{"href":"https:\/\/www.europesays.com\/se\/wp-json\/wp\/v2\/posts"}],"about":[{"href":"https:\/\/www.europesays.com\/se\/wp-json\/wp\/v2\/types\/post"}],"author":[{"embeddable":true,"href":"https:\/\/www.europesays.com\/se\/wp-json\/wp\/v2\/users\/2"}],"replies":[{"embeddable":true,"href":"https:\/\/www.europesays.com\/se\/wp-json\/wp\/v2\/comments?post=131823"}],"version-history":[{"count":0,"href":"https:\/\/www.europesays.com\/se\/wp-json\/wp\/v2\/posts\/131823\/revisions"}],"wp:featuredmedia":[{"embeddable":true,"href":"https:\/\/www.europesays.com\/se\/wp-json\/wp\/v2\/media\/131824"}],"wp:attachment":[{"href":"https:\/\/www.europesays.com\/se\/wp-json\/wp\/v2\/media?parent=131823"}],"wp:term":[{"taxonomy":"category","embeddable":true,"href":"https:\/\/www.europesays.com\/se\/wp-json\/wp\/v2\/categories?post=131823"},{"taxonomy":"post_tag","embeddable":true,"href":"https:\/\/www.europesays.com\/se\/wp-json\/wp\/v2\/tags?post=131823"}],"curies":[{"name":"wp","href":"https:\/\/api.w.org\/{rel}","templated":true}]}}