{"id":131829,"date":"2026-01-10T20:37:07","date_gmt":"2026-01-10T20:37:07","guid":{"rendered":"https:\/\/www.europesays.com\/se\/131829\/"},"modified":"2026-01-10T20:37:07","modified_gmt":"2026-01-10T20:37:07","slug":"eu-parlamentet-hotar-frysa-handelsavtal-med-usa-efter-trumps-utspel","status":"publish","type":"post","link":"https:\/\/www.europesays.com\/se\/131829\/","title":{"rendered":"EU-parlamentet hotar frysa handelsavtal med USA efter Trumps utspel"},"content":{"rendered":"<p>Enligt uppg\u00f6relsen bel\u00e4ggs stora delar av EU:s export med en tull p\u00e5 15 procent i USA. Samtidigt ska EU avskaffa tullar p\u00e5 amerikanska industrivaror, bland annat bilar, och ge \u00f6kat marknadstilltr\u00e4de f\u00f6r vissa jordbruks- och fiskeprodukter.<\/p>\n<p>EU-kommissionens ordf\u00f6rande Ursula von der Leyen har f\u00f6rsvarat avtalet som ett s\u00e4tt att bevara stabila relationer med Washington.<\/p>\n<p>Motst\u00e5ndet har nu sk\u00e4rpts efter att Trump sagt att USA \u201dbeh\u00f6ver Gr\u00f6nland ur ett nationellt s\u00e4kerhetsperspektiv\u201d och inte velat utesluta milit\u00e4ra \u00e5tg\u00e4rder. Ledam\u00f6ter fr\u00e5n socialdemokratiska, liberala, gr\u00f6na och v\u00e4nstergrupper vill nu att arbetet med avtalet pausas.<\/p>\n<p>\u2013 USA kan inte ta EU:s st\u00f6d f\u00f6r handels\u00f6verenskommelsen fr\u00e5n i somras f\u00f6r given, s\u00e4ger Karin Karlsbro (L), vice ordf\u00f6rande i parlamentets handelsutskott.<\/p>\n<p>Den st\u00f6rsta partigruppen, konservativa EPP, har \u00e4nnu inte tagit st\u00e4llning. Fr\u00e5gan v\u00e4ntas diskuteras vidare senare i veckan.<\/p>\n","protected":false},"excerpt":{"rendered":"Enligt uppg\u00f6relsen bel\u00e4ggs stora delar av EU:s export med en tull p\u00e5 15 procent i USA. Samtidigt ska&hellip;\n","protected":false},"author":2,"featured_media":131830,"comment_status":"","ping_status":"","sticky":false,"template":"","format":"standard","meta":{"footnotes":""},"categories":[14],"tags":[22,23,26,27,17,21,24,25,28,29,15,16,18,34,31,33,32,30,19,20,51,52,53,54],"class_list":{"0":"post-131829","1":"post","2":"type-post","3":"status-publish","4":"format-standard","5":"has-post-thumbnail","7":"category-varlden","8":"tag-breaking-news","9":"tag-breakingnews","10":"tag-featured-news","11":"tag-featurednews","12":"tag-headlines","13":"tag-huvudnyheter","14":"tag-latest-news","15":"tag-latestnews","16":"tag-main-news","17":"tag-mainnews","18":"tag-news","19":"tag-nyheter","20":"tag-rubriker","21":"tag-se","22":"tag-svenska","23":"tag-sverige","24":"tag-sweden","25":"tag-swedish","26":"tag-top-stories","27":"tag-topstories","28":"tag-varlden","29":"tag-world","30":"tag-world-news","31":"tag-worldnews"},"share_on_mastodon":{"url":"https:\/\/pubeurope.com\/@se\/115872729877380415","error":""},"_links":{"self":[{"href":"https:\/\/www.europesays.com\/se\/wp-json\/wp\/v2\/posts\/131829","targetHints":{"allow":["GET"]}}],"collection":[{"href":"https:\/\/www.europesays.com\/se\/wp-json\/wp\/v2\/posts"}],"about":[{"href":"https:\/\/www.europesays.com\/se\/wp-json\/wp\/v2\/types\/post"}],"author":[{"embeddable":true,"href":"https:\/\/www.europesays.com\/se\/wp-json\/wp\/v2\/users\/2"}],"replies":[{"embeddable":true,"href":"https:\/\/www.europesays.com\/se\/wp-json\/wp\/v2\/comments?post=131829"}],"version-history":[{"count":0,"href":"https:\/\/www.europesays.com\/se\/wp-json\/wp\/v2\/posts\/131829\/revisions"}],"wp:featuredmedia":[{"embeddable":true,"href":"https:\/\/www.europesays.com\/se\/wp-json\/wp\/v2\/media\/131830"}],"wp:attachment":[{"href":"https:\/\/www.europesays.com\/se\/wp-json\/wp\/v2\/media?parent=131829"}],"wp:term":[{"taxonomy":"category","embeddable":true,"href":"https:\/\/www.europesays.com\/se\/wp-json\/wp\/v2\/categories?post=131829"},{"taxonomy":"post_tag","embeddable":true,"href":"https:\/\/www.europesays.com\/se\/wp-json\/wp\/v2\/tags?post=131829"}],"curies":[{"name":"wp","href":"https:\/\/api.w.org\/{rel}","templated":true}]}}