{"id":131839,"date":"2026-01-10T20:58:20","date_gmt":"2026-01-10T20:58:20","guid":{"rendered":"https:\/\/www.europesays.com\/se\/131839\/"},"modified":"2026-01-10T20:58:20","modified_gmt":"2026-01-10T20:58:20","slug":"hugo-alnefelt-lamnade-i-ambulans-efter-skadan-shl","status":"publish","type":"post","link":"https:\/\/www.europesays.com\/se\/131839\/","title":{"rendered":"Hugo Alnefelt l\u00e4mnade i ambulans efter skadan | SHL"},"content":{"rendered":"<p>Publicerad 10 jan 2026 kl 07.23Uppdaterad kl 10.03<\/p>\n<p>Under fredagskv\u00e4llen tr\u00e4ffades Hugo Alnefelt av en skridsko i huvudet.<\/p>\n<p>HV71-m\u00e5lvakten, som \u00e4r utl\u00e5nad till Helsingfors, tvingades ut p\u00e5 b\u00e5r och l\u00e4mnade arenan i ambulans.<\/p>\n<p>\u2013\u00a0\u00c4r det inte den bl\u00e5 zonen d\u00e4r m\u00e5lvakten ska skyddas? dundrar HIFK-tr\u00e4naren Olli Jokinen.<\/p>\n<p><img   alt=\"\"\/><\/p>\n<p>Alnefelt tillh\u00f6r HV71.<\/p>\n<p>Foto: CARL SANDIN \/ BILDBYR\u00c5N<\/p>\n<p>\u00d6ppna bild i helsk\u00e4rm<img loading=\"lazy\"   alt=\"\"\/> <\/p>\n<p>Foto: GIAN EHRENZELLER \/ EPA KEYSTONE<\/p>\n<p>\u00d6ppna bild i helsk\u00e4rm<\/p>\n<p>Det var tidigt i den f\u00f6rsta perioden av m\u00f6tet mellan Helsingfors IFK och Ilves Tampere som olyckan var framme f\u00f6r Hugo Alnefelt.<\/p>\n<p>Motst\u00e5ndarlagets Teemu Engberg \u00e5kte rakt p\u00e5 den svenske m\u00e5lvakten och tr\u00e4ffade honom i huvudet med skridskon, enligt <a href=\"https:\/\/www.hs.fi\/urheilu\/art-2000011740621.html\" rel=\"nofollow noopener\" target=\"_blank\">finska medier.<\/a>\u00a0<\/p>\n<p>Alnefelt blev liggandes blickstilla p\u00e5 rygg under l\u00e5ng tid. Lagkamrater samlades runt honom.<\/p>\n<p>L\u00e4get bed\u00f6mdes s\u00e5 pass illa att han beh\u00f6vde b\u00e4ras ut p\u00e5 b\u00e5r och f\u00f6ras till sjukhus i ambulans.<\/p>\n<p>Jokinen rasar<\/p>\n<p>Hugo Alnefelt tillh\u00f6r <a href=\"https:\/\/www.expressen.se\/tagg\/organization\/hv71\/\" class=\"\" rel=\"nofollow noopener\" target=\"_blank\">HV71<\/a> men l\u00e5nades i oktober ut till HIFK i den finska ligan.<\/p>\n<p>Klubben tr\u00e4nas av den tidigare Timr\u00e5tr\u00e4naren Olli Jokinen, som var djupt kritisk till att skadan inte efterf\u00f6ljdes av en utvisning.<\/p>\n<p>Enligt <a href=\"https:\/\/www.iltalehti.fi\/smliiga\/a\/bf7712ce-10dc-4981-9183-4972cd505d90\" rel=\"nofollow noopener\" target=\"_blank\">Iltalehti<\/a> skrek han p\u00e5 domaren efter incidenten:<\/p>\n<p>\u2013 Du tycker inte att det \u00e4r straff. Han g\u00e5r rakt in i den bl\u00e5 zonen, han \u00e4r inte utanf\u00f6r m\u00e5lvaktsomr\u00e5det. \u00c4r det inte den bl\u00e5 zonen d\u00e4r m\u00e5lvakten ska skyddas?<\/p>\n<p>\u2013 Okej. Bl\u00e5s inte i visselpipan n\u00e4r exakt samma sak h\u00e4nder p\u00e5 andra sidan senare i matchen.<\/p>\n<p>Senare under fredagskv\u00e4llen rapporterade Iltalehti att Alnefelt var i \u201dgott och stabilt skick\u201d men att han fortfarande genomgick tester p\u00e5 sjukhuset.<\/p>\n","protected":false},"excerpt":{"rendered":"Publicerad 10 jan 2026 kl 07.23Uppdaterad kl 10.03 Under fredagskv\u00e4llen tr\u00e4ffades Hugo Alnefelt av en skridsko i huvudet.&hellip;\n","protected":false},"author":2,"featured_media":131840,"comment_status":"","ping_status":"","sticky":false,"template":"","format":"standard","meta":{"footnotes":""},"categories":[68],"tags":[1354,34,255,823,111,110,31,33,32,30],"class_list":{"0":"post-131839","1":"post","2":"type-post","3":"status-publish","4":"format-standard","5":"has-post-thumbnail","7":"category-sport","8":"tag-organization-hv71","9":"tag-se","10":"tag-sections-ishockey","11":"tag-sections-shl","12":"tag-sport","13":"tag-sports","14":"tag-svenska","15":"tag-sverige","16":"tag-sweden","17":"tag-swedish"},"share_on_mastodon":{"url":"https:\/\/pubeurope.com\/@se\/115872812432960446","error":""},"_links":{"self":[{"href":"https:\/\/www.europesays.com\/se\/wp-json\/wp\/v2\/posts\/131839","targetHints":{"allow":["GET"]}}],"collection":[{"href":"https:\/\/www.europesays.com\/se\/wp-json\/wp\/v2\/posts"}],"about":[{"href":"https:\/\/www.europesays.com\/se\/wp-json\/wp\/v2\/types\/post"}],"author":[{"embeddable":true,"href":"https:\/\/www.europesays.com\/se\/wp-json\/wp\/v2\/users\/2"}],"replies":[{"embeddable":true,"href":"https:\/\/www.europesays.com\/se\/wp-json\/wp\/v2\/comments?post=131839"}],"version-history":[{"count":0,"href":"https:\/\/www.europesays.com\/se\/wp-json\/wp\/v2\/posts\/131839\/revisions"}],"wp:featuredmedia":[{"embeddable":true,"href":"https:\/\/www.europesays.com\/se\/wp-json\/wp\/v2\/media\/131840"}],"wp:attachment":[{"href":"https:\/\/www.europesays.com\/se\/wp-json\/wp\/v2\/media?parent=131839"}],"wp:term":[{"taxonomy":"category","embeddable":true,"href":"https:\/\/www.europesays.com\/se\/wp-json\/wp\/v2\/categories?post=131839"},{"taxonomy":"post_tag","embeddable":true,"href":"https:\/\/www.europesays.com\/se\/wp-json\/wp\/v2\/tags?post=131839"}],"curies":[{"name":"wp","href":"https:\/\/api.w.org\/{rel}","templated":true}]}}