{"id":131843,"date":"2026-01-10T21:14:08","date_gmt":"2026-01-10T21:14:08","guid":{"rendered":"https:\/\/www.europesays.com\/se\/131843\/"},"modified":"2026-01-10T21:14:08","modified_gmt":"2026-01-10T21:14:08","slug":"sebastian-lorstad-baste-svensk-pa-terrang-vm","status":"publish","type":"post","link":"https:\/\/www.europesays.com\/se\/131843\/","title":{"rendered":"Sebastian L\u00f6rstad b\u00e4ste svensk p\u00e5 terr\u00e4ng-VM"},"content":{"rendered":"<p class=\"preamble\">&#13;<br \/>\n\t\t\t\t\tAlla fyra svenska l\u00f6pare stod f\u00f6r starka insatser p\u00e5 terr\u00e4ng-VM i Tallahassee, USA. B\u00e4sta placeringen tog Sebastian L\u00f6rstad i U20-klassen med en 17:e plats \u2013 en placering b\u00e4ttre \u00e4n Sarah Lahti i seniorklassen.&#13;\n\t\t\t\t<\/p>\n<p data-start=\"409\" data-end=\"578\">De senaste upplagorna av terr\u00e4ng-VM har haft f\u00e5 svenska deltagare men till \u00e5rets m\u00e4sterskap i Tallahassee, USA, skickade Sverige en trupp p\u00e5 fyra l\u00f6pare.<\/p>\n<p data-start=\"580\" data-end=\"817\">T\u00e4vlingarna avgjordes p\u00e5 en tv\u00e5 kilometer l\u00e5ng bana inspirerad av Floridas natur, med inslag av gr\u00e4s, sand, vatten, lera och alligatorformade hinder. Startf\u00e4lten dominerades av l\u00f6pare fr\u00e5n Afrika och USA, med endast ett f\u00e5tal deltagare fr\u00e5n Europa.<\/p>\n<p data-start=\"819\" data-end=\"1187\">F\u00f6rst ut f\u00f6r svensk del var Sp\u00e5rv\u00e4gens Fanny Szalkai, som slutade p\u00e5 en stark 21:a plats i U20-loppet \u00f6ver sex kilometer. Fanny, som blev sjua p\u00e5 terr\u00e4ng-EM i december, var b\u00e4sta europ\u00e9 med god marginal. Placeringen \u00e4r den b\u00e4sta av en svensk junior p\u00e5 flicksidan sedan Malin Ewerl\u00f6f blev \u00e5tta f\u00f6r 36 \u00e5r sedan. Etiopien tog en dubbelseger, med Marta Alemayo som vinnare.<\/p>\n<p data-start=\"1189\" data-end=\"1471\">\u00c4nnu b\u00e4ttre gick det f\u00f6r Liding\u00f6s Sebastian L\u00f6rstad i pojkarnas U20-lopp. P\u00e5 den \u00e5tta kilometer l\u00e5nga banan slutade han p\u00e5 17:e plats. L\u00f6rstad, som blev 32:a p\u00e5 terr\u00e4ng-EM, var med i t\u00e4tklungan fram till tre kilometer. I m\u00e5l var han 1:38 efter segraren Frankline Kibet fr\u00e5n Kenya.<\/p>\n<p data-start=\"1189\" data-end=\"1471\">Sedan terr\u00e4ng-VM startade 1973 har ingen svensk manlig junior n\u00e5tt en b\u00e4ttre placering \u00e4n Sebastians 17:e plats.<\/p>\n<p data-start=\"1473\" data-end=\"1521\">Starka avslutningar av Lahti och Sundstr\u00f6m<\/p>\n<p data-start=\"1523\" data-end=\"1845\">Sarah Lahti fr\u00e5n H\u00e4sselby var l\u00e4nge med i kampen om att bli b\u00e4sta europ\u00e9 i damernas 10-kilometerslopp. Hon avancerade stadigt under loppet och med en kilometer kvar l\u00e5g hon p\u00e5 16:e plats. P\u00e5 upploppet fick hon dock sl\u00e4ppa f\u00f6rbi sig tv\u00e5 l\u00f6pare, varav en spanjorska och slutade d\u00e4rmed som n\u00e4st b\u00e4sta europ\u00e9 p\u00e5 18:e plats.<\/p>\n<p data-start=\"1847\" data-end=\"1938\">Segern gick till Agnes Jebet Ngetich fr\u00e5n Kenya, som vann med hela 42 sekunders marginal.<\/p>\n<p data-start=\"1940\" data-end=\"2142\">Sarah Lahti blev den f\u00f6rsta svenska deltagaren i det kvinnliga seniorloppet p\u00e5 ett terr\u00e4ng-VM sedan 1997 och hennes 18:e plats \u00e4r den b\u00e4sta svenska placeringen sedan 1988 d\u00e5 Malin W\u00e4stlund blev 15:e.<\/p>\n<p data-start=\"2144\" data-end=\"2468\">I herrarnas 10-kilometerslopp kl\u00e4ttrade Djurg\u00e5rdens Simon Sundstr\u00f6m genom hela f\u00e4ltet. Vid f\u00f6rsta mellantiden l\u00e5g han p\u00e5 44:e plats men avancerade till en slutlig 28:e plats i m\u00e5l. Sundstr\u00f6m, som blev \u00e5tta p\u00e5 terr\u00e4ng-EM, var sjunde b\u00e4sta europ\u00e9 och var 1:43 bakom segraren Jakob Kiplimo fr\u00e5n Uganda, som tog en klar seger.<\/p>\n<p data-start=\"2144\" data-end=\"2468\">Se alla resultat fr\u00e5n terr\u00e4ng-VM <a href=\"https:\/\/worldathletics.org\/competitions\/world-athletics-cross-country-championships\/tallahassee26\/timetable\" target=\"_blank\" rel=\"noopener nofollow\">h\u00e4r<\/a>.<\/p>\n<p data-start=\"2144\" data-end=\"2468\">Se alla lopp i efterhand p\u00e5 <a href=\"https:\/\/eurovisionsport.com\/en\/mediacard\/athletics\/EVS_260110_20260110WATallahassee_1_event\" target=\"_blank\" rel=\"noopener nofollow\">Eurovison Sport<\/a>.<\/p>\n","protected":false},"excerpt":{"rendered":"&#13; Alla fyra svenska l\u00f6pare stod f\u00f6r starka insatser p\u00e5 terr\u00e4ng-VM i Tallahassee, USA. B\u00e4sta placeringen tog Sebastian&hellip;\n","protected":false},"author":2,"featured_media":131844,"comment_status":"","ping_status":"","sticky":false,"template":"","format":"standard","meta":{"footnotes":""},"categories":[68],"tags":[34,111,110,31,33,32,30],"class_list":{"0":"post-131843","1":"post","2":"type-post","3":"status-publish","4":"format-standard","5":"has-post-thumbnail","7":"category-sport","8":"tag-se","9":"tag-sport","10":"tag-sports","11":"tag-svenska","12":"tag-sverige","13":"tag-sweden","14":"tag-swedish"},"share_on_mastodon":{"url":"https:\/\/pubeurope.com\/@se\/115872875313853912","error":""},"_links":{"self":[{"href":"https:\/\/www.europesays.com\/se\/wp-json\/wp\/v2\/posts\/131843","targetHints":{"allow":["GET"]}}],"collection":[{"href":"https:\/\/www.europesays.com\/se\/wp-json\/wp\/v2\/posts"}],"about":[{"href":"https:\/\/www.europesays.com\/se\/wp-json\/wp\/v2\/types\/post"}],"author":[{"embeddable":true,"href":"https:\/\/www.europesays.com\/se\/wp-json\/wp\/v2\/users\/2"}],"replies":[{"embeddable":true,"href":"https:\/\/www.europesays.com\/se\/wp-json\/wp\/v2\/comments?post=131843"}],"version-history":[{"count":0,"href":"https:\/\/www.europesays.com\/se\/wp-json\/wp\/v2\/posts\/131843\/revisions"}],"wp:featuredmedia":[{"embeddable":true,"href":"https:\/\/www.europesays.com\/se\/wp-json\/wp\/v2\/media\/131844"}],"wp:attachment":[{"href":"https:\/\/www.europesays.com\/se\/wp-json\/wp\/v2\/media?parent=131843"}],"wp:term":[{"taxonomy":"category","embeddable":true,"href":"https:\/\/www.europesays.com\/se\/wp-json\/wp\/v2\/categories?post=131843"},{"taxonomy":"post_tag","embeddable":true,"href":"https:\/\/www.europesays.com\/se\/wp-json\/wp\/v2\/tags?post=131843"}],"curies":[{"name":"wp","href":"https:\/\/api.w.org\/{rel}","templated":true}]}}