{"id":131857,"date":"2026-01-10T22:08:10","date_gmt":"2026-01-10T22:08:10","guid":{"rendered":"https:\/\/www.europesays.com\/se\/131857\/"},"modified":"2026-01-10T22:08:10","modified_gmt":"2026-01-10T22:08:10","slug":"therese-johaug-har-fatt-barn-igen","status":"publish","type":"post","link":"https:\/\/www.europesays.com\/se\/131857\/","title":{"rendered":"Therese Johaug har f\u00e5tt barn igen"},"content":{"rendered":"<p><a data-test-tag=\"internal-link\" href=\"https:\/\/www.aftonbladet.se\/av\/astrid-johansson\" class=\"hyperion-css-13ns1rr\" rel=\"nofollow noopener\" target=\"\" aria-label=\"Se alla artiklar av Astrid Johansson\"><img decoding=\"async\" class=\"image-asset hyperion-css-n6kkq1\" data-test-tag=\"image-asset\" src=\"https:\/\/www.europesays.com\/se\/wp-content\/uploads\/2026\/01\/1768082889_729_da9f1d35-6501-4c7a-a967-1be94e456c45.jpeg\"  alt=\"\"  loading=\"lazy\" fetchpriority=\"auto\" style=\"aspect-ratio:1900 \/ 1900\"\/><\/a><\/p>\n<p class=\"boxtextgrotesk-root_baa6 hyperion-css-1w346fg\">Uppdaterad 22.42 | Publicerad 22.26<\/p>\n<p>share-arrowDela<\/p>\n<p>unsaveSpara<\/p>\n<p>Lyssna p\u00e5 artikelnLyssna p\u00e5&#8230;<\/p>\n<p class=\"hyperion-css-1shl3oz\" data-test-tag=\"lead-text\">Bebislycka i Norge. <\/p>\n<p class=\"hyperion-css-1shl3oz\" data-test-tag=\"lead-text\">Skidlegendaren Therese Johaug, 37, har f\u00e5tt sitt andra barn.<\/p>\n<p class=\"hyperion-css-1shl3oz\" data-test-tag=\"lead-text\">Det meddelades p\u00e5 norska idrottsgalan, av alla platser.<\/p>\n<p>expand-left<\/p>\n<p>helsk\u00e4rm<img decoding=\"async\" class=\"image-asset hyperion-css-u06ts1\" data-test-tag=\"image-asset\" src=\"https:\/\/www.europesays.com\/se\/wp-content\/uploads\/2026\/01\/6e3e4d79-29e1-4b0f-bd75-6afcf45d8393.jpeg\"  alt=\"Therese Johaug i en videoh\u00e4lsning p\u00e5 norska idrottsgalan.\"  loading=\"eager\" fetchpriority=\"high\" style=\"aspect-ratio:1900 \/ 1267\"\/>Therese Johaug i en videoh\u00e4lsning p\u00e5 norska idrottsgalan. Foto: Marius Simensen \/ Bildbyr\u00e5n<\/p>\n<p class=\"hyperion-css-1v9qo5x\">Under idrottsgalan i Norge tilldelades <a data-test-tag=\"internal-link\" href=\"https:\/\/www.aftonbladet.se\/tagg\/therese-johaug\" class=\"hyperion-css-15jkft9\" rel=\"nofollow noopener\" target=\"\" aria-label=\"Therese Johaug\" theme=\"sportbladet\">Therese Johaug<\/a> kv\u00e4llens hederspris. Hon var inte p\u00e5 plats att ta emot utm\u00e4rkelsen, ist\u00e4llet skickade hon en videoh\u00e4lsning till det norska folket och g\u00e4sterna p\u00e5 galan. <\/p>\n<p class=\"hyperion-css-1v9qo5x\">Enligt norska <a aria-label=\"VG\" class=\"sportbladet hyperion-css-15jkft9\" href=\"https:\/\/www.vg.no\/sport\/i\/Gxa38V\/erling-braut-haaland-fikk-utoevernes-pris-paa-idrettsgallaen\" rel=\"noopener nofollow noreferrer\" data-test-tag=\"external-link\" target=\"_blank\">VG<\/a> var det en m\u00e4rkbart r\u00f6rd Johaug som syntes i h\u00e4lsningen fr\u00e5n sjukhuss\u00e4ngen p\u00e5 Rikssjukhuset.<\/p>\n<p class=\"hyperion-css-1v9qo5x\">\u2013 Jag hade g\u00e4rna varit i Hamar med er i kv\u00e4ll, men h\u00e4r \u00e4r jag, full av hormoner, redo att f\u00f6da barn, jag m\u00e5ste tacka juryn s\u00e5 mycket, s\u00e4ger Johaug i h\u00e4lsningen, som spelades in tidigare under l\u00f6rdagen, enligt VG. <\/p>\n<p>expand-left<\/p>\n<p>helsk\u00e4rm<img decoding=\"async\" class=\"image-asset hyperion-css-u06ts1\" data-test-tag=\"image-asset\" src=\"https:\/\/www.europesays.com\/se\/wp-content\/uploads\/2026\/01\/1ce92686-c4f4-41bb-8508-a1482b6336e5.jpeg\"  alt=\"Therese Johaug.\"  loading=\"eager\" fetchpriority=\"high\" style=\"aspect-ratio:1900 \/ 1267\"\/>Therese Johaug. Foto: Kalle Parkkinen \/ Bildbyr\u00e5nAndra barnet<\/p>\n<p class=\"hyperion-css-1v9qo5x\">Programledaren f\u00f6r galan avsl\u00f6jade efter videoh\u00e4lsningen att Johaug blivit mamma f\u00f6r andra g\u00e5ngen och att hon f\u00f6tt en pojke som ska heta Nils. <\/p>\n<p class=\"hyperion-css-1v9qo5x\">Tillsammans med sin man Nils Jakob Hoff har Therese Johaug en dotter sedan tidigare. Hon f\u00f6ddes p\u00e5 Norges nationaldag, 17 maj 2023.<\/p>\n<p class=\"hyperion-css-1v9qo5x\">P\u00e5 galan tilldelades hederspriset till en manlig och en kvinnlig idrottare. P\u00e5 herrsidan var det den tidigare skidskytten Johannes Thinges B\u00f6 som fick \u00e4ran att ta emot priset.<\/p>\n","protected":false},"excerpt":{"rendered":"Uppdaterad 22.42 | Publicerad 22.26 share-arrowDela unsaveSpara Lyssna p\u00e5 artikelnLyssna p\u00e5&#8230; Bebislycka i Norge. Skidlegendaren Therese Johaug, 37,&hellip;\n","protected":false},"author":2,"featured_media":131858,"comment_status":"","ping_status":"","sticky":false,"template":"","format":"standard","meta":{"footnotes":""},"categories":[5],"tags":[22,23,26,27,17,21,24,25,28,29,15,16,18,34,31,33,32,30,19,20],"class_list":{"0":"post-131857","1":"post","2":"type-post","3":"status-publish","4":"format-standard","5":"has-post-thumbnail","7":"category-rubriker","8":"tag-breaking-news","9":"tag-breakingnews","10":"tag-featured-news","11":"tag-featurednews","12":"tag-headlines","13":"tag-huvudnyheter","14":"tag-latest-news","15":"tag-latestnews","16":"tag-main-news","17":"tag-mainnews","18":"tag-news","19":"tag-nyheter","20":"tag-rubriker","21":"tag-se","22":"tag-svenska","23":"tag-sverige","24":"tag-sweden","25":"tag-swedish","26":"tag-top-stories","27":"tag-topstories"},"share_on_mastodon":{"url":"https:\/\/pubeurope.com\/@se\/115873087656171400","error":""},"_links":{"self":[{"href":"https:\/\/www.europesays.com\/se\/wp-json\/wp\/v2\/posts\/131857","targetHints":{"allow":["GET"]}}],"collection":[{"href":"https:\/\/www.europesays.com\/se\/wp-json\/wp\/v2\/posts"}],"about":[{"href":"https:\/\/www.europesays.com\/se\/wp-json\/wp\/v2\/types\/post"}],"author":[{"embeddable":true,"href":"https:\/\/www.europesays.com\/se\/wp-json\/wp\/v2\/users\/2"}],"replies":[{"embeddable":true,"href":"https:\/\/www.europesays.com\/se\/wp-json\/wp\/v2\/comments?post=131857"}],"version-history":[{"count":0,"href":"https:\/\/www.europesays.com\/se\/wp-json\/wp\/v2\/posts\/131857\/revisions"}],"wp:featuredmedia":[{"embeddable":true,"href":"https:\/\/www.europesays.com\/se\/wp-json\/wp\/v2\/media\/131858"}],"wp:attachment":[{"href":"https:\/\/www.europesays.com\/se\/wp-json\/wp\/v2\/media?parent=131857"}],"wp:term":[{"taxonomy":"category","embeddable":true,"href":"https:\/\/www.europesays.com\/se\/wp-json\/wp\/v2\/categories?post=131857"},{"taxonomy":"post_tag","embeddable":true,"href":"https:\/\/www.europesays.com\/se\/wp-json\/wp\/v2\/tags?post=131857"}],"curies":[{"name":"wp","href":"https:\/\/api.w.org\/{rel}","templated":true}]}}