{"id":131877,"date":"2026-01-10T22:48:33","date_gmt":"2026-01-10T22:48:33","guid":{"rendered":"https:\/\/www.europesays.com\/se\/131877\/"},"modified":"2026-01-10T22:48:33","modified_gmt":"2026-01-10T22:48:33","slug":"toppchefen-petad-av-trump-hanfulla-orden-i-vita-huset","status":"publish","type":"post","link":"https:\/\/www.europesays.com\/se\/131877\/","title":{"rendered":"Toppchefen petad av Trump \u2013\nh\u00e5nfulla orden i Vita huset"},"content":{"rendered":"<p>Hon gjorde en uppm\u00e4rksammad \u00f6verg\u00e5ng till Trump inf\u00f6r valet 2024.<\/p>\n<p>Nu \u00e4r den tidigare demokraten och Trumps nationella underr\u00e4ttelsechef Tulsi Gabbard ute i kylan.<\/p>\n<p>Enligt <a href=\"https:\/\/www.wsj.com\/politics\/national-security\/tulsi-gabbard-venezuela-trump-7506e52e?mod=hp_lead_pos2\" rel=\"nofollow noopener\" target=\"_blank\">Wall Street Journal<\/a> visste hon inte ens om operationen mot Nicolas Maduro.<\/p>\n<p>Senaste klippen om Trump-administrationen.<img   alt=\"\"\/><\/p>\n<p>N\u00e4r Trump senare vann valet bel\u00f6nades Gabbard med den tunga rollen som nationell underr\u00e4ttelsechef.<\/p>\n<p>Foto: STEFANI REYNOLDS \/ CNP \/ POLARIS POLARIS IMAGES<\/p>\n<p>\u00d6ppna bild i helsk\u00e4rm<img loading=\"lazy\"   alt=\"\"\/><\/p>\n<p>Nu \u00e4r den tidigare demokraten och Trumps nationella underr\u00e4ttelsechef Tulsi Gabbard ute i kylan.<\/p>\n<p>Foto: JIM LOSCALZO &#8211; VIA CNP \/ POLARIS POLARIS IMAGES<\/p>\n<p>\u00d6ppna bild i helsk\u00e4rm<img loading=\"lazy\"   alt=\"\"\/><\/p>\n<p>P\u00e5 bilderna syntes Trump sj\u00e4lv, Marco Rubio, Pete Hegseth och Stephen Miller. Gabbard lyste med sin fr\u00e5nvaro.<\/p>\n<p>\u00d6ppna bild i helsk\u00e4rm<\/p>\n<p>Mellan 2013 och 2021 satt Hawaiif\u00f6dda <a href=\"https:\/\/www.expressen.se\/tagg\/person\/tulsi-gabbard\/\" class=\"\" rel=\"nofollow noopener\" target=\"_blank\">Tulsi Gabbard<\/a> i representanthuset f\u00f6r demokraterna. 2020 st\u00e4llde hon upp i demokraternas prim\u00e4rval, d\u00e4r hon till sist hoppade av och st\u00e4llde sig bakom Joe Biden.<\/p>\n<p>Men inf\u00f6r 2024 \u00e5rs presidentval \u00e4ndrade hon riktning och parti \u2013 och st\u00e4llde sig bakom Donald Trump.<\/p>\n<p>N\u00e4r Trump senare vann valet bel\u00f6nades Gabbard med den tunga rollen som nationell underr\u00e4ttelsechef.<\/p>\n<p>\u2013 Jag \u00e4r \u00f6dmjuk inf\u00f6r att f\u00e5 vara i den h\u00e4r positionen och tj\u00e4na i din administration, sa Gabbard efter\u00e5t.\u00a0<\/p>\n<p>Men nu \u00e4r hon i frysboxen, skriver flera amerikanska medier.<\/p>\n<p>Smeknamnet: \u201dDo Not Invite\u201d<\/p>\n<p>Som nationell underr\u00e4ttelsechef \u00e4r hennes jobb att \u00f6verse USA:s 18 underr\u00e4ttelsetj\u00e4nster, bland annat CIA och NSA.<\/p>\n<p>Enligt k\u00e4llor till b\u00e5de Bloomberg och Wall Street Journal l\u00e4mnades Gabbard utanf\u00f6r n\u00e4r operationen mot Nicolas Maduro skulle planeras.<\/p>\n<p>Beslutet att st\u00e4nga ute Gabbard fr\u00e5n m\u00f6tena var s\u00e5 v\u00e4lk\u00e4nt att vissa medarbetare i Vita huset sk\u00e4mtade om att f\u00f6rkortningen f\u00f6r hennes titel, DNI (Director of National Intelligence), stod f\u00f6r \u201dDo Not Invite\u201d, skriver Bloomberg.<\/p>\n<p>\u2013\u00a0Det \u00e4r ytterst ovanligt att den nationella underr\u00e4ttelsechefen inte \u00e4r involverad i n\u00e5gon av dessa operationer, s\u00e4rskilt n\u00e4r det g\u00e4ller n\u00e5got som Venezuela, s\u00e4ger Cedric Leighton, pensionerad underr\u00e4ttelse\u00f6verste, till tidningen.<\/p>\n<p>Publicerade video \u2013 Trump ogillade<\/p>\n<p>Enligt Bloomberg ska Trump ha tr\u00f6ttnat p\u00e5 Gabbard tidigt under mandatperioden, n\u00e4r hon under ed i senaten, bed\u00f6mde att Iran inte h\u00f6ll p\u00e5 att utveckla k\u00e4rnvapen.<\/p>\n<p>\u2013 Jag bryr mig inte om vad hon s\u00e4ger, sa Trump efter\u00e5t enligt WSJ.<\/p>\n<p>I somras lade hon ut en video p\u00e5 sociala medier d\u00e4r hon menade att v\u00e4rlden \u00e4r n\u00e4rmare ett k\u00e4rnvapenkrig \u00e4n n\u00e5gonsin.\u00a0<\/p>\n<p>Ett par dagar senare attackerade Trump Iran och landets k\u00e4rnvapenindustri.<\/p>\n<p>Samma dag som Maduro f\u00e5ngades in publicerade Trump flera bilder inifr\u00e5n situationsrummet.<\/p>\n<p>P\u00e5 bilderna syntes Trump sj\u00e4lv, utrikesminister Marco Rubio, f\u00f6rsvarsminister Pete Hegseth och r\u00e5dgivaren Stephen Miller.<\/p>\n<p>Gabbard lyste med sin fr\u00e5nvaro.\u00a0<\/p>\n<p>Kan st\u00e5 emot k\u00e4rnvapenanfall \u2022\u00a0\u201dF\u00f6rsta g\u00e5ngen p\u00e5 51 \u00e5r\u201d.<\/p>\n","protected":false},"excerpt":{"rendered":"Hon gjorde en uppm\u00e4rksammad \u00f6verg\u00e5ng till Trump inf\u00f6r valet 2024. Nu \u00e4r den tidigare demokraten och Trumps nationella&hellip;\n","protected":false},"author":2,"featured_media":131878,"comment_status":"","ping_status":"","sticky":false,"template":"","format":"standard","meta":{"footnotes":""},"categories":[5],"tags":[22,23,26,27,17,21,24,25,45,3819,28,29,15,12544,16,5603,198,1455,13478,18,34,55,31,33,32,30,19,204,20],"class_list":{"0":"post-131877","1":"post","2":"type-post","3":"status-publish","4":"format-standard","5":"has-post-thumbnail","7":"category-rubriker","8":"tag-breaking-news","9":"tag-breakingnews","10":"tag-featured-news","11":"tag-featurednews","12":"tag-headlines","13":"tag-huvudnyheter","14":"tag-latest-news","15":"tag-latestnews","16":"tag-location-usa","17":"tag-location-venezuela","18":"tag-main-news","19":"tag-mainnews","20":"tag-news","21":"tag-newsstory-trump-administrationen","22":"tag-nyheter","23":"tag-organization-cia","24":"tag-person-donald-trump","25":"tag-person-pete-hegseth","26":"tag-person-tulsi-gabbard","27":"tag-rubriker","28":"tag-se","29":"tag-sections-varlden","30":"tag-svenska","31":"tag-sverige","32":"tag-sweden","33":"tag-swedish","34":"tag-top-stories","35":"tag-topic-amerikansk-politik","36":"tag-topstories"},"share_on_mastodon":{"url":"https:\/\/pubeurope.com\/@se\/115873244958428545","error":""},"_links":{"self":[{"href":"https:\/\/www.europesays.com\/se\/wp-json\/wp\/v2\/posts\/131877","targetHints":{"allow":["GET"]}}],"collection":[{"href":"https:\/\/www.europesays.com\/se\/wp-json\/wp\/v2\/posts"}],"about":[{"href":"https:\/\/www.europesays.com\/se\/wp-json\/wp\/v2\/types\/post"}],"author":[{"embeddable":true,"href":"https:\/\/www.europesays.com\/se\/wp-json\/wp\/v2\/users\/2"}],"replies":[{"embeddable":true,"href":"https:\/\/www.europesays.com\/se\/wp-json\/wp\/v2\/comments?post=131877"}],"version-history":[{"count":0,"href":"https:\/\/www.europesays.com\/se\/wp-json\/wp\/v2\/posts\/131877\/revisions"}],"wp:featuredmedia":[{"embeddable":true,"href":"https:\/\/www.europesays.com\/se\/wp-json\/wp\/v2\/media\/131878"}],"wp:attachment":[{"href":"https:\/\/www.europesays.com\/se\/wp-json\/wp\/v2\/media?parent=131877"}],"wp:term":[{"taxonomy":"category","embeddable":true,"href":"https:\/\/www.europesays.com\/se\/wp-json\/wp\/v2\/categories?post=131877"},{"taxonomy":"post_tag","embeddable":true,"href":"https:\/\/www.europesays.com\/se\/wp-json\/wp\/v2\/tags?post=131877"}],"curies":[{"name":"wp","href":"https:\/\/api.w.org\/{rel}","templated":true}]}}