{"id":131895,"date":"2026-01-10T23:14:33","date_gmt":"2026-01-10T23:14:33","guid":{"rendered":"https:\/\/www.europesays.com\/se\/131895\/"},"modified":"2026-01-10T23:14:33","modified_gmt":"2026-01-10T23:14:33","slug":"ajax-vill-varva-maximilian-ibrahimovic","status":"publish","type":"post","link":"https:\/\/www.europesays.com\/se\/131895\/","title":{"rendered":"Ajax vill v\u00e4rva Maximilian Ibrahimovic"},"content":{"rendered":"<p>Publicerad 9 jan 2026 kl 18.34Uppdaterad kl 20.27<\/p>\n<p>Det kan bli en ny Ibrahimovic i Ajax.\u00a0<\/p>\n<p>Klubben s\u00e4gs vara ute efter Zlatans son Maximilian, 19, enligt <a href=\"https:\/\/www.telegraaf.nl\/sport\/voetbal\/ajax-maakt-werk-van-zoon-zlatan-ibrahimovic\/122462866.html\" rel=\"nofollow noopener\" target=\"_blank\">De Telegraaf. <\/a>\u00a0\u00a0<\/p>\n<p>V\u00e4rldens \u00e4ldsta professionella fotbollsklubb<img   alt=\"\"\/><\/p>\n<p>Maximilian Ibrahimovic.<\/p>\n<p>Foto: OLLE SPORRONG<\/p>\n<p>\u00d6ppna bild i helsk\u00e4rm<\/p>\n<p>Maximilian Ibrahimovic har spelat i Milan sedan 2022 d\u00e5 han l\u00e4mnade Hammarbys akademi. D\u00e4r har han p\u00e5 senare tid spelat i reservlaget Milan Futuro.\u00a0<\/p>\n<p>Nu kan han dock komma att g\u00f6ra som sin pappa och flytta till Nederl\u00e4nderna och Ajax. Enligt De Telegraaf vill storklubben l\u00e5na in 19-\u00e5ringen, samt ha en k\u00f6poption.\u00a0<\/p>\n<p>H\u00f6gst upp p\u00e5 listan\u00a0<\/p>\n<p>Tidningen skriver att planen ska vara att Maximilian Ibrahomovic ska tr\u00e4na med a-laget och sedan spela i reservlaget Jong Ajax. Det ska vara flera nederl\u00e4ndska klubbar som \u00e4r ute efter svensken, men Ajax ska vara av prioritet d\u00e5 de presenterat en plan f\u00f6r honom.\u00a0<\/p>\n<p>Skulle det bli faktum vore det att rakt av g\u00e5 i pappa Zlatans fotsp\u00e5r. Han spelade d\u00e4r mellan 2001 och 2004 efter flytten fr\u00e5n Malm\u00f6 FF.\u00a0<\/p>\n<p>Ibrahimovic den yngre har spelat 18 matcher f\u00f6r Milan Futuro den h\u00e4r s\u00e4songen och noterats f\u00f6r fem m\u00e5l. Han har inte debuterat i a-laget \u00e4nnu.\u00a0<\/p>\n<p>Maximilian Ibrahimovic har spelat tv\u00e5 matcher f\u00f6r Sveriges U19-landslag.\u00a0<\/p>\n","protected":false},"excerpt":{"rendered":"Publicerad 9 jan 2026 kl 18.34Uppdaterad kl 20.27 Det kan bli en ny Ibrahimovic i Ajax.\u00a0 Klubben s\u00e4gs&hellip;\n","protected":false},"author":2,"featured_media":131896,"comment_status":"","ping_status":"","sticky":false,"template":"","format":"standard","meta":{"footnotes":""},"categories":[68],"tags":[12752,5753,34,129,111,110,31,33,32,30],"class_list":{"0":"post-131895","1":"post","2":"type-post","3":"status-publish","4":"format-standard","5":"has-post-thumbnail","7":"category-sport","8":"tag-organization-ac-milan","9":"tag-organization-ajax","10":"tag-se","11":"tag-sections-fotboll","12":"tag-sport","13":"tag-sports","14":"tag-svenska","15":"tag-sverige","16":"tag-sweden","17":"tag-swedish"},"share_on_mastodon":{"url":"https:\/\/pubeurope.com\/@se\/115873347170966557","error":""},"_links":{"self":[{"href":"https:\/\/www.europesays.com\/se\/wp-json\/wp\/v2\/posts\/131895","targetHints":{"allow":["GET"]}}],"collection":[{"href":"https:\/\/www.europesays.com\/se\/wp-json\/wp\/v2\/posts"}],"about":[{"href":"https:\/\/www.europesays.com\/se\/wp-json\/wp\/v2\/types\/post"}],"author":[{"embeddable":true,"href":"https:\/\/www.europesays.com\/se\/wp-json\/wp\/v2\/users\/2"}],"replies":[{"embeddable":true,"href":"https:\/\/www.europesays.com\/se\/wp-json\/wp\/v2\/comments?post=131895"}],"version-history":[{"count":0,"href":"https:\/\/www.europesays.com\/se\/wp-json\/wp\/v2\/posts\/131895\/revisions"}],"wp:featuredmedia":[{"embeddable":true,"href":"https:\/\/www.europesays.com\/se\/wp-json\/wp\/v2\/media\/131896"}],"wp:attachment":[{"href":"https:\/\/www.europesays.com\/se\/wp-json\/wp\/v2\/media?parent=131895"}],"wp:term":[{"taxonomy":"category","embeddable":true,"href":"https:\/\/www.europesays.com\/se\/wp-json\/wp\/v2\/categories?post=131895"},{"taxonomy":"post_tag","embeddable":true,"href":"https:\/\/www.europesays.com\/se\/wp-json\/wp\/v2\/tags?post=131895"}],"curies":[{"name":"wp","href":"https:\/\/api.w.org\/{rel}","templated":true}]}}