{"id":131918,"date":"2026-01-11T00:58:13","date_gmt":"2026-01-11T00:58:13","guid":{"rendered":"https:\/\/www.europesays.com\/se\/131918\/"},"modified":"2026-01-11T00:58:13","modified_gmt":"2026-01-11T00:58:13","slug":"psykiskt-vald-kan-bli-ett-vapen-for-misshandlare","status":"publish","type":"post","link":"https:\/\/www.europesays.com\/se\/131918\/","title":{"rendered":"Psykiskt v\u00e5ld kan bli ett vapen f\u00f6r misshandlare"},"content":{"rendered":"<p>Karin Pihl<\/p>\n<p>Publicerad 10 jan 2026 kl 18.00<\/p>\n<p>Taskigt beteende kan inte kriminaliseras. Regeringen \u00e4r p\u00e5 v\u00e4g att ge alla v\u00e5ldsverkare ett vapen.<\/p>\n<p>Detta \u00e4r en kr\u00f6nika fr\u00e5n Expressens ledarredaktion. Expressens politiska h\u00e5llning \u00e4r liberal.<\/p>\n<p><img   alt=\"\"\/>Karin Pihl<\/p>\n<p>V\u00e5ld definieras enligt ordboken som anv\u00e4ndning av fysisk styrka som maktmedel. Men det \u00e4r gammaldags. Numera r\u00e4knas inte bara slag, sparkar, strypgrepp och attacker med tillhyggen som v\u00e5ld. Begreppet har breddats. Stark ilska, neds\u00e4ttande kommentarer och att kolla n\u00e5gons mobil \u00e4r enligt <a href=\"https:\/\/kunskapsguiden.se\/omraden-och-teman\/vald-och-fortryck\/vald-i-nara-relationer\/vad-ar-vald-i-nara-relationer\/psykiskt-vald\/\" rel=\"nofollow noopener\" target=\"_blank\">Socialstyrelsen<\/a> ocks\u00e5 v\u00e5ld \u2013 psykiskt v\u00e5ld.<\/p>\n<p><strong>Och nu ska det in i lagen.\u00a0<\/strong><\/p>\n<p>Strax f\u00f6re jul l\u00e4mnade regeringen \u00f6ver en <a href=\"https:\/\/www.regeringen.se\/contentassets\/39d113d5fb99405282e9274b385ffd9b\/en-sarskild-straffbestammelse-for-psykiskt-vald.pdf\" rel=\"nofollow noopener\" target=\"_blank\">remiss<\/a> till Lagr\u00e5det. K\u00e4rnan i lagf\u00f6rslaget \u00e4r att psykiskt v\u00e5ld ska inf\u00f6ras som en ny brottsrubricering. Regeringen vill g\u00f6ra det straffbart att uts\u00e4tta n\u00e5gon f\u00f6r upprepade kr\u00e4nkningar som skadar offrets sj\u00e4lvk\u00e4nsla. Dit h\u00f6r s\u00e5dant som f\u00f6rol\u00e4mpningar och \u00f6vervakning.<\/p>\n<p>Syftet \u00e4r att st\u00e4rka personer som lever i en destruktiv relation. Genom att bredda begreppet v\u00e5ld till att omfatta beteenden som inte \u00e4r fysiska, men som kan orsaka sj\u00e4lslig skada, f\u00e5r dessa handlingar en extra tyngd. Allvaret i psykiskt nedbrytande beteende insk\u00e4rps. S\u00e5 resonerar f\u00f6respr\u00e5karna.<\/p>\n<p>Det \u00e4r bra att regeringen tar v\u00e5ld i n\u00e4ra relationer p\u00e5 allvar. Men effekten av f\u00f6rslaget kan bli den motsatta. Den nya lagen blir en present till f\u00f6r\u00f6varna. Regeringen b\u00f6r inte g\u00e5 vidare med det.<\/p>\n<p><strong>N\u00e4r v\u00e5ld innefattar allt fr\u00e5n att snoka i n\u00e5gons telefon till att sl\u00e5 n\u00e5gon blodig blir ordet s\u00e5 oprecist att det tappar sin funktion. Det smetas ut. Grov misshandel trivialiseras.<\/strong><\/p>\n<blockquote><p>Det \u00e4r bra att regeringen tar v\u00e5ld i n\u00e4ra relationer p\u00e5 allvar. Men effekten av f\u00f6rslaget kan bli den motsatta.<\/p><\/blockquote>\n<p>Spr\u00e5kinflation \u00e4r illa nog. \u00c4n v\u00e4rre \u00e4r att psykisk misshandel som brott kan komma att anv\u00e4ndas som ett vapen av f\u00f6r\u00f6vare. Flera <a href=\"https:\/\/www.regeringen.se\/remisser\/2025\/05\/remiss-av-utkastet-till-lagradsremiss-en-sarskild-straffbestammelse-for-psykiskt-vald\/\" rel=\"nofollow noopener\" target=\"_blank\">remissinstanser<\/a>, d\u00e4ribland \u00c5klagarmyndigheten och Sveriges kvinnoorganisationer, varnar f\u00f6r s\u00e5 kallade motanm\u00e4lningar. En person som misshandlat sin partner kan anm\u00e4la offret \u201dtillbaka\u201d. Slag och sparkar kan urs\u00e4ktas och bagatelliseras: \u201dJag agerade i sj\u00e4lvf\u00f6rsvar f\u00f6r att hon misshandlade mig psykiskt.\u201d Som om det vore fr\u00e5ga om en destruktiv men j\u00e4mlik relation d\u00e4r b\u00e5da parter \u00e4r lika klanderv\u00e4rda.<\/p>\n<p>D\u00e4rtill kan psykiskt v\u00e5ld bli ett slagtr\u00e4 i infekterade v\u00e5rdnadstvister och separationer.<\/p>\n<p>Givetvis \u00e4r det s\u00e5 att annat \u00e4n v\u00e5ld kan skapa lidande i relationer. Manipulation, social utfrysning och dominansbeteende innefattar inte slag men kan vara nog s\u00e5 p\u00e5frestande. Det kan ocks\u00e5 vara olagligt. Olaga f\u00f6rf\u00f6ljelse, grov kvinnofridskr\u00e4nkning och grov fridskr\u00e4nkning \u00e4r straffbart, liksom f\u00f6rtal, olaga hot, olaga tv\u00e5ng och ofredande, det vill s\u00e4ga att vid upprepade tillf\u00e4llen st\u00e5 och gasta utanf\u00f6r en bostad eller telefonterrorisera n\u00e5gon.<\/p>\n<p><strong>Kontrollerande makar och fruar kan allts\u00e5 redan i dag lagf\u00f6ras om beteendet g\u00e5r f\u00f6r l\u00e5ngt.<\/strong><\/p>\n<p>Och i \u00e4rlighetens namn. Att vid upprepade tillf\u00e4llen kalla n\u00e5gon f\u00f6r k\u00f6nsord, bli rasande \u00f6ver sm\u00e5saker och vara \u00f6verdrivet svartsjuk kan vara mentalt nedbrytande f\u00f6r den som uts\u00e4tts. Men alla tarvliga beteenden kan inte vara straffbara. Lagstiftning m\u00e5ste vara f\u00f6ruts\u00e4gbar. Med den nya lagen blir det sv\u00e5rt att dra en gr\u00e4ns mellan vad som \u00e4r d\u00e5ligt uppf\u00f6rande och vad som \u00e4r kriminellt. Det \u00e4r ett skolboksexempel p\u00e5 d\u00e5lig lagtext.<\/p>\n<p>G\u00f6r inte v\u00e5ld p\u00e5 lagboken. T\u00e4nk om, <a href=\"https:\/\/www.expressen.se\/tagg\/person\/gunnar-strommer\/\" class=\"\" rel=\"nofollow noopener\" target=\"_blank\">Gunnar Str\u00f6mmer<\/a>.<\/p>\n<p><strong>L\u00c4S MER: <\/strong><a href=\"https:\/\/www.expressen.se\/ledare\/linnea-lindquist\/konsstympad-i-en-moske-men-forbudet-galler-inte\/\" class=\"\" rel=\"nofollow noopener\" target=\"_blank\">K\u00f6nsstympad i en mosk\u00e9  \u2013 men f\u00f6rbudet g\u00e4ller inte<\/a><strong>L\u00c4S MER: <\/strong><a href=\"https:\/\/www.expressen.se\/ledare\/ann-charlotte-marteus\/sa-luras-kvinnor-att-stanna-hos-valdsman\/\" class=\"\" rel=\"nofollow noopener\" target=\"_blank\">S\u00e5 luras kvinnor att stanna hos v\u00e5ldsm\u00e4n<\/a><a href=\"https:\/\/www.expressen.se\/nyhetsbrev\/\" title=\"Anm\u00e4l dig till ledarbrevet\" rel=\"nofollow noopener\" target=\"_blank\"><br \/>\n  <img decoding=\"async\" style=\"max-width:100%;display:block;\" src=\"https:\/\/www.europesays.com\/se\/wp-content\/uploads\/2025\/08\/640@60.jpg\"\/><br \/>\n<\/a><\/p>\n","protected":false},"excerpt":{"rendered":"Karin Pihl Publicerad 10 jan 2026 kl 18.00 Taskigt beteende kan inte kriminaliseras. Regeringen \u00e4r p\u00e5 v\u00e4g att&hellip;\n","protected":false},"author":2,"featured_media":131919,"comment_status":"","ping_status":"","sticky":false,"template":"","format":"standard","meta":{"footnotes":""},"categories":[65],"tags":[72,70,71,1439,4649,1459,34,2610,31,33,32,30,547,2057,436],"class_list":{"0":"post-131918","1":"post","2":"type-post","3":"status-publish","4":"format-standard","5":"has-post-thumbnail","7":"category-ekonomi","8":"tag-business","9":"tag-economy","10":"tag-ekonomi","11":"tag-organization-aklagarmyndigheten","12":"tag-organization-socialstyrelsen","13":"tag-person-gunnar-strommer","14":"tag-se","15":"tag-sections-karinpihl","16":"tag-svenska","17":"tag-sverige","18":"tag-sweden","19":"tag-swedish","20":"tag-topic-karlek-relationer","21":"tag-topic-kriminalpolitik","22":"tag-topic-valdsbrott-mord"},"share_on_mastodon":{"url":"https:\/\/pubeurope.com\/@se\/115873756195809461","error":""},"_links":{"self":[{"href":"https:\/\/www.europesays.com\/se\/wp-json\/wp\/v2\/posts\/131918","targetHints":{"allow":["GET"]}}],"collection":[{"href":"https:\/\/www.europesays.com\/se\/wp-json\/wp\/v2\/posts"}],"about":[{"href":"https:\/\/www.europesays.com\/se\/wp-json\/wp\/v2\/types\/post"}],"author":[{"embeddable":true,"href":"https:\/\/www.europesays.com\/se\/wp-json\/wp\/v2\/users\/2"}],"replies":[{"embeddable":true,"href":"https:\/\/www.europesays.com\/se\/wp-json\/wp\/v2\/comments?post=131918"}],"version-history":[{"count":0,"href":"https:\/\/www.europesays.com\/se\/wp-json\/wp\/v2\/posts\/131918\/revisions"}],"wp:featuredmedia":[{"embeddable":true,"href":"https:\/\/www.europesays.com\/se\/wp-json\/wp\/v2\/media\/131919"}],"wp:attachment":[{"href":"https:\/\/www.europesays.com\/se\/wp-json\/wp\/v2\/media?parent=131918"}],"wp:term":[{"taxonomy":"category","embeddable":true,"href":"https:\/\/www.europesays.com\/se\/wp-json\/wp\/v2\/categories?post=131918"},{"taxonomy":"post_tag","embeddable":true,"href":"https:\/\/www.europesays.com\/se\/wp-json\/wp\/v2\/tags?post=131918"}],"curies":[{"name":"wp","href":"https:\/\/api.w.org\/{rel}","templated":true}]}}